{"id":99671,"date":"2010-12-03T00:00:00","date_gmt":"2010-12-03T00:00:00","guid":{"rendered":"https:\/\/www.deberes.net\/tesis\/sin-categoria\/iconografa%c2%ada-musical-infantil-en-el-2a-ciclo-de-educacion-primaria\/"},"modified":"2010-12-03T00:00:00","modified_gmt":"2010-12-03T00:00:00","slug":"iconografa%c2%ada-musical-infantil-en-el-2a-ciclo-de-educacion-primaria","status":"publish","type":"post","link":"https:\/\/www.deberes.net\/tesis\/sin-categoria\/iconografa%c2%ada-musical-infantil-en-el-2a-ciclo-de-educacion-primaria\/","title":{"rendered":"Iconograf\u00edamusical infantil en el 2\u00c2\u00b0 ciclo de educaci\u00f3n primaria."},"content":{"rendered":"<h2>Tesis doctoral de <strong> Ivan Cartas Martin <\/strong><\/h2>\n<p>Sonido e imagen son dos est\u00e9ticas diferentes pero que a menudo se conjugan para alcanzar prop\u00f3sitos diversos. Actualmente, el mensaje audiovisual y la dimensi\u00f3n multimedia son fen\u00f3menos que asumimos con naturalidad en las diferentes dimensiones de nu estras vidas; tanto en el mundo laboral como en el tiempo de ocio y personal. Este estudio se propone reflexionar sobre las posibles relaciones de ambas est\u00e9ticas en un \u00e1mbito concreto, el educativo, para tratar de encontrar puntos de comuni\u00f3n entre la expresi\u00f3n musical y la pl\u00e1stica, m\u00e1s concretamente, la gr\u00e1fica. Para ello propondremos a ni\u00f1os de edad escolar una serie de est\u00edmulos sonoros y fragmentos musicales para que los representen gr\u00e1ficamente.<\/p>\n<p>&nbsp;<\/p>\n<h3>Datos acad\u00e9micos de la tesis doctoral \u00ab<strong>Iconograf\u00edamusical infantil en el 2\u00c2\u00b0 ciclo de educaci\u00f3n primaria.<\/strong>\u00ab<\/h3>\n<ul>\n<li><strong>T\u00edtulo de la tesis:<\/strong>\u00a0 Iconograf\u00edamusical infantil en el 2\u00c2\u00b0 ciclo de educaci\u00f3n primaria. <\/li>\n<li><strong>Autor:<\/strong>\u00a0 Ivan Cartas Martin <\/li>\n<li><strong>Universidad:<\/strong>\u00a0 Complutense de Madrid<\/li>\n<li><strong>Fecha de lectura de la tesis:<\/strong>\u00a0 12\/03\/2010<\/li>\n<\/ul>\n<p>&nbsp;<\/p>\n<h3>Direcci\u00f3n y tribunal<\/h3>\n<ul>\n<li><strong>Director de la tesis<\/strong>\n<ul>\n<li>Francisco Garc\u00eda Garc\u00eda<\/li>\n<\/ul>\n<\/li>\n<li><strong>Tribunal<\/strong>\n<ul>\n<li>Presidente del tribunal: Mar\u00eda Acaso l\u00f3pez bosch <\/li>\n<li>Miguel De aguilera moyano (vocal)<\/li>\n<li>manuela Barcia moreno (vocal)<\/li>\n<li>felipe Gertrudix barrio (vocal)<\/li>\n<\/ul>\n<\/li>\n<\/ul>\n<p>&nbsp;<\/p>\n","protected":false},"excerpt":{"rendered":"<p>Tesis doctoral de Ivan Cartas Martin Sonido e imagen son dos est\u00e9ticas diferentes pero que a menudo se conjugan para [&hellip;]<\/p>\n","protected":false},"author":1,"featured_media":0,"comment_status":"open","ping_status":"open","sticky":false,"template":"","format":"standard","meta":{"site-sidebar-layout":"default","site-content-layout":"","ast-site-content-layout":"","site-content-style":"default","site-sidebar-style":"default","ast-global-header-display":"","ast-banner-title-visibility":"","ast-main-header-display":"","ast-hfb-above-header-display":"","ast-hfb-below-header-display":"","ast-hfb-mobile-header-display":"","site-post-title":"","ast-breadcrumbs-content":"","ast-featured-img":"","footer-sml-layout":"","theme-transparent-header-meta":"","adv-header-id-meta":"","stick-header-meta":"","header-above-stick-meta":"","header-main-stick-meta":"","header-below-stick-meta":"","astra-migrate-meta-layouts":"default","ast-page-background-enabled":"default","ast-page-background-meta":{"desktop":{"background-color":"var(--ast-global-color-4)","background-image":"","background-repeat":"repeat","background-position":"center center","background-size":"auto","background-attachment":"scroll","background-type":"","background-media":"","overlay-type":"","overlay-color":"","overlay-gradient":""},"tablet":{"background-color":"","background-image":"","background-repeat":"repeat","background-position":"center center","background-size":"auto","background-attachment":"scroll","background-type":"","background-media":"","overlay-type":"","overlay-color":"","overlay-gradient":""},"mobile":{"background-color":"","background-image":"","background-repeat":"repeat","background-position":"center center","background-size":"auto","background-attachment":"scroll","background-type":"","background-media":"","overlay-type":"","overlay-color":"","overlay-gradient":""}},"ast-content-background-meta":{"desktop":{"background-color":"var(--ast-global-color-5)","background-image":"","background-repeat":"repeat","background-position":"center center","background-size":"auto","background-attachment":"scroll","background-type":"","background-media":"","overlay-type":"","overlay-color":"","overlay-gradient":""},"tablet":{"background-color":"var(--ast-global-color-5)","background-image":"","background-repeat":"repeat","background-position":"center center","background-size":"auto","background-attachment":"scroll","background-type":"","background-media":"","overlay-type":"","overlay-color":"","overlay-gradient":""},"mobile":{"background-color":"var(--ast-global-color-5)","background-image":"","background-repeat":"repeat","background-position":"center center","background-size":"auto","background-attachment":"scroll","background-type":"","background-media":"","overlay-type":"","overlay-color":"","overlay-gradient":""}},"footnotes":""},"categories":[1],"tags":[132179,7470,203323,54751,73585,5319],"class_list":["post-99671","post","type-post","status-publish","format-standard","hentry","category-sin-categoria","tag-felipe-gertrudix-barrio","tag-francisco-garcia-garcia","tag-ivan-cartas-martin","tag-manuela-barcia-moreno","tag-maria-acaso-lopez-bosch","tag-miguel-de-aguilera-moyano"],"_links":{"self":[{"href":"https:\/\/www.deberes.net\/tesis\/wp-json\/wp\/v2\/posts\/99671","targetHints":{"allow":["GET"]}}],"collection":[{"href":"https:\/\/www.deberes.net\/tesis\/wp-json\/wp\/v2\/posts"}],"about":[{"href":"https:\/\/www.deberes.net\/tesis\/wp-json\/wp\/v2\/types\/post"}],"author":[{"embeddable":true,"href":"https:\/\/www.deberes.net\/tesis\/wp-json\/wp\/v2\/users\/1"}],"replies":[{"embeddable":true,"href":"https:\/\/www.deberes.net\/tesis\/wp-json\/wp\/v2\/comments?post=99671"}],"version-history":[{"count":0,"href":"https:\/\/www.deberes.net\/tesis\/wp-json\/wp\/v2\/posts\/99671\/revisions"}],"wp:attachment":[{"href":"https:\/\/www.deberes.net\/tesis\/wp-json\/wp\/v2\/media?parent=99671"}],"wp:term":[{"taxonomy":"category","embeddable":true,"href":"https:\/\/www.deberes.net\/tesis\/wp-json\/wp\/v2\/categories?post=99671"},{"taxonomy":"post_tag","embeddable":true,"href":"https:\/\/www.deberes.net\/tesis\/wp-json\/wp\/v2\/tags?post=99671"}],"curies":[{"name":"wp","href":"https:\/\/api.w.org\/{rel}","templated":true}]}}