{"id":99708,"date":"2010-12-03T00:00:00","date_gmt":"2010-12-03T00:00:00","guid":{"rendered":""},"modified":"2010-12-03T00:00:00","modified_gmt":"2010-12-03T00:00:00","slug":"estudio-comparativo-de-tres-propuestas-didacticas-de-contrapunto-no-tonal-en-el-siglo-xx-la-tecnica-atonal-de-julien-falk-el-contrapunto-disonante-de-charles-seeger-y-el-contrapunto-dodecafonico-de","status":"publish","type":"post","link":"https:\/\/www.deberes.net\/tesis\/historia-del-arte\/estudio-comparativo-de-tres-propuestas-didacticas-de-contrapunto-no-tonal-en-el-siglo-xx-la-tecnica-atonal-de-julien-falk-el-contrapunto-disonante-de-charles-seeger-y-el-contrapunto-dodecafonico-de\/","title":{"rendered":"Estudio comparativo de tres propuestas did\u00e1cticas de contrapunto no tonal en el siglo xx: la t\u00e9cnica atonal de julien falk, el contrapunto disonante de charles seeger y el contrapunto dodecaf\u00f3nico de ernst krenek."},"content":{"rendered":"<h2>Tesis doctoral de <strong> Carme Fern\u00e1ndez Vidal <\/strong><\/h2>\n<p>Dado el resurgimiento y renovaci\u00f3n de las texturas contrapunt\u00edsticas en la llamada nueva m\u00fasica, autores como julien falk, ernst krenek y charles seeger articularon una metodolog\u00eda en el aprendizaje de lenguajes no tonales basada en el contrapunto, que ha constituido el eje tem\u00e1tico de este trabajo doctoral. Partimos de la l\u00ednea de investigaci\u00f3n que estos compositores abordaron en el momento hist\u00f3rico en que les toc\u00f3 vivir, impulsados por la exigencia que su labor como docentes les estaba imponiendo: la necesidad de iniciar a sus alumnos en un lenguaje musical caracter\u00edstico del siglo xx a trav\u00e9s de un m\u00e9todo y procedimiento sistem\u00e1tico. Nuestro trabajo ha profundizado fundamentalmente en el estudio t\u00e9cnico de sus tratados, estableciendo una comparativa que ha hecho posible deducir conclusiones que ser\u00e1n aplicables a la actual ense\u00f1anza del contrapunto<\/p>\n<p>&nbsp;<\/p>\n<h3>Datos acad\u00e9micos de la tesis doctoral \u00ab<strong>Estudio comparativo de tres propuestas did\u00e1cticas de contrapunto no tonal en el siglo xx: la t\u00e9cnica atonal de julien falk, el contrapunto disonante de charles seeger y el contrapunto dodecaf\u00f3nico de ernst krenek.<\/strong>\u00ab<\/h3>\n<ul>\n<li><strong>T\u00edtulo de la tesis:<\/strong>\u00a0 Estudio comparativo de tres propuestas did\u00e1cticas de contrapunto no tonal en el siglo xx: la t\u00e9cnica atonal de julien falk, el contrapunto disonante de charles seeger y el contrapunto dodecaf\u00f3nico de ernst krenek. <\/li>\n<li><strong>Autor:<\/strong>\u00a0 Carme Fern\u00e1ndez Vidal <\/li>\n<li><strong>Universidad:<\/strong>\u00a0 Illes balears<\/li>\n<li><strong>Fecha de lectura de la tesis:<\/strong>\u00a0 12\/03\/2010<\/li>\n<\/ul>\n<p>&nbsp;<\/p>\n<h3>Direcci\u00f3n y tribunal<\/h3>\n<ul>\n<li><strong>Director de la tesis<\/strong>\n<ul>\n<li>Mar\u00eda  Teresa Catalan Sanchez<\/li>\n<\/ul>\n<\/li>\n<li><strong>Tribunal<\/strong>\n<ul>\n<li>Presidente del tribunal: rom\u00ed\u00a0 De la calle de la calle <\/li>\n<li>Jos\u00e9 ignacio Palacios sanz (vocal)<\/li>\n<li>tom\u00e1s Marco arag\u00f3n (vocal)<\/li>\n<li>alfredo Vicent l\u00f3pez (vocal)<\/li>\n<\/ul>\n<\/li>\n<\/ul>\n<p>&nbsp;<\/p>\n","protected":false},"excerpt":{"rendered":"<p>Tesis doctoral de Carme Fern\u00e1ndez Vidal Dado el resurgimiento y renovaci\u00f3n de las texturas contrapunt\u00edsticas en la llamada nueva m\u00fasica, [&hellip;]<\/p>\n","protected":false},"author":1,"featured_media":0,"comment_status":"open","ping_status":"open","sticky":false,"template":"","format":"standard","meta":{"site-sidebar-layout":"default","site-content-layout":"","ast-site-content-layout":"","site-content-style":"default","site-sidebar-style":"default","ast-global-header-display":"","ast-banner-title-visibility":"","ast-main-header-display":"","ast-hfb-above-header-display":"","ast-hfb-below-header-display":"","ast-hfb-mobile-header-display":"","site-post-title":"","ast-breadcrumbs-content":"","ast-featured-img":"","footer-sml-layout":"","theme-transparent-header-meta":"","adv-header-id-meta":"","stick-header-meta":"","header-above-stick-meta":"","header-main-stick-meta":"","header-below-stick-meta":"","astra-migrate-meta-layouts":"default","ast-page-background-enabled":"default","ast-page-background-meta":{"desktop":{"background-color":"var(--ast-global-color-4)","background-image":"","background-repeat":"repeat","background-position":"center center","background-size":"auto","background-attachment":"scroll","background-type":"","background-media":"","overlay-type":"","overlay-color":"","overlay-gradient":""},"tablet":{"background-color":"","background-image":"","background-repeat":"repeat","background-position":"center center","background-size":"auto","background-attachment":"scroll","background-type":"","background-media":"","overlay-type":"","overlay-color":"","overlay-gradient":""},"mobile":{"background-color":"","background-image":"","background-repeat":"repeat","background-position":"center center","background-size":"auto","background-attachment":"scroll","background-type":"","background-media":"","overlay-type":"","overlay-color":"","overlay-gradient":""}},"ast-content-background-meta":{"desktop":{"background-color":"var(--ast-global-color-5)","background-image":"","background-repeat":"repeat","background-position":"center center","background-size":"auto","background-attachment":"scroll","background-type":"","background-media":"","overlay-type":"","overlay-color":"","overlay-gradient":""},"tablet":{"background-color":"var(--ast-global-color-5)","background-image":"","background-repeat":"repeat","background-position":"center center","background-size":"auto","background-attachment":"scroll","background-type":"","background-media":"","overlay-type":"","overlay-color":"","overlay-gradient":""},"mobile":{"background-color":"var(--ast-global-color-5)","background-image":"","background-repeat":"repeat","background-position":"center center","background-size":"auto","background-attachment":"scroll","background-type":"","background-media":"","overlay-type":"","overlay-color":"","overlay-gradient":""}},"footnotes":""},"categories":[7632,1014,19034,9132],"tags":[60500,203387,49182,130570,16851,203388],"class_list":["post-99708","post","type-post","status-publish","format-standard","hentry","category-historia-de-la-musica","category-historia-del-arte","category-illes-balears","category-musica-y-musicologia","tag-alfredo-vicent-lopez","tag-carme-fernandez-vidal","tag-jose-ignacio-palacios-sanz","tag-maria-teresa-catalan-sanchez","tag-romi-de-la-calle-de-la-calle","tag-tomas-marco-aragon"],"_links":{"self":[{"href":"https:\/\/www.deberes.net\/tesis\/wp-json\/wp\/v2\/posts\/99708","targetHints":{"allow":["GET"]}}],"collection":[{"href":"https:\/\/www.deberes.net\/tesis\/wp-json\/wp\/v2\/posts"}],"about":[{"href":"https:\/\/www.deberes.net\/tesis\/wp-json\/wp\/v2\/types\/post"}],"author":[{"embeddable":true,"href":"https:\/\/www.deberes.net\/tesis\/wp-json\/wp\/v2\/users\/1"}],"replies":[{"embeddable":true,"href":"https:\/\/www.deberes.net\/tesis\/wp-json\/wp\/v2\/comments?post=99708"}],"version-history":[{"count":0,"href":"https:\/\/www.deberes.net\/tesis\/wp-json\/wp\/v2\/posts\/99708\/revisions"}],"wp:attachment":[{"href":"https:\/\/www.deberes.net\/tesis\/wp-json\/wp\/v2\/media?parent=99708"}],"wp:term":[{"taxonomy":"category","embeddable":true,"href":"https:\/\/www.deberes.net\/tesis\/wp-json\/wp\/v2\/categories?post=99708"},{"taxonomy":"post_tag","embeddable":true,"href":"https:\/\/www.deberes.net\/tesis\/wp-json\/wp\/v2\/tags?post=99708"}],"curies":[{"name":"wp","href":"https:\/\/api.w.org\/{rel}","templated":true}]}}