{"id":99750,"date":"2010-12-03T00:00:00","date_gmt":"2010-12-03T00:00:00","guid":{"rendered":"https:\/\/www.deberes.net\/tesis\/sin-categoria\/ulceras-vasculares-de-extremidad-inferior-analisis-epidemiologico-diseno-de-una-gua%c2%ada-terapeutica\/"},"modified":"2010-12-03T00:00:00","modified_gmt":"2010-12-03T00:00:00","slug":"ulceras-vasculares-de-extremidad-inferior-analisis-epidemiologico-diseno-de-una-gua%c2%ada-terapeutica","status":"publish","type":"post","link":"https:\/\/www.deberes.net\/tesis\/sin-categoria\/ulceras-vasculares-de-extremidad-inferior-analisis-epidemiologico-diseno-de-una-gua%c2%ada-terapeutica\/","title":{"rendered":"\u00falceras vasculares de extremidad inferior. an\u00e1lisis epidemiol\u00f3gico. dise\u00f1o de una gu\u00edaterape\u00fatica."},"content":{"rendered":"<h2>Tesis doctoral de <strong> Marta Lopez Herranz <\/strong><\/h2>\n<p>\u00abintroducci\u00f3n:     el presente trabajo de investigaci\u00f3n presentado por marta l\u00f3pez herranz, para optar al grado de doctora tiene por t\u00edtulo ?\u00falceras vasculares de extremidad inferior. An\u00e1lisis epidemiol\u00f3gico. Dise\u00f1o de una gu\u00eda terap\u00e9utica?, Lo hemos est ructurado en dos partes:      en la 1\u00c2\u00ba parte, hemos  realizado un estudio epidemiol\u00f3gico relacionado con las ulceras vasculares, llevado a cabo en centros asistenciales de la comunidad  de Madrid.     la 2\u00c2\u00ba parte,  comprende el dise\u00f1o de una gu\u00eda terap\u00e9uti ca, donde realizamos un tratamiento global de estas lesiones enfocado desde diferentes puntos de vista: -actuaci\u00f3n sobre los factores de riesgo en \u00falceras arteriales y venosas. -actuaci\u00f3n terap\u00e9utica local, mediante la valoraci\u00f3n de tipo de ulcera, p reparaci\u00f3n del lecho, actuaci\u00f3n de la piel perilesional, actuaci\u00f3n sobre el edema y actuaci\u00f3n sobre el dolor. -actuaci\u00f3n general o sist\u00e9mica arterial y venosa. hip\u00f3tesis:     en relaci\u00f3n a nuestro estudio, la hip\u00f3tesis planteada ser\u00eda ?La persistencia d e los factores de riesgo y el mal control de las enfermedades sist\u00e9micas, se asocian a una evoluci\u00f3n t\u00f3rpida y cr\u00f3nica de estas lesiones, as\u00ed como a la aparici\u00f3n de recidivas?. objetivos:     los principales objetivos de nuestro estudio ser\u00edan: -destaca r los principales factores de riesgo que influyen en la etiopatogenia de estas \u00falceras.      -establecer rasgos diferenciales entre estas lesiones. -elaborar una gu\u00eda terap\u00e9utica con el fin de optimizar la asistencia y cuidados de los pacientes que las padecen. material y metodos: -un estudio de serie de casos, trasversal y multic\u00e9ntrico formado por varones y mujeres mayores de 14 a\u00f1os con ulceras vasculares de eeii desde al 1 de julio de 2008 hasta el 31 de marzo de 2009. resultados: en cuanto a l os resultados m\u00e1s relevantes de nuestro estudio encontramos:     -las \u00falceras venosas son las m\u00e1s prevalentes  con un 72.8%.     -las ulceras venosas son m\u00e1s prevalentes en mujeres (70.1%).     -estratificando por edades observamos  que el mayor porcentaje de  \u00falceras (64%) se encuentra a los 65 a\u00f1os.     -las \u00falceras venosas son las de mayor tama\u00f1o, tanto en el eje longitudinal como en el trasversal con un tama\u00f1o medio de 6.93-4.1cm.     -con respecto a los factores de riesgo asociados a \u00falceras venosas, el 72 .5 % llevaban una vida sedentaria; siendo la dislipemia (90.5%) el factor de riesgo arterial m\u00e1s frecuente en pacientes con \u00falceras isqu\u00e9micas.     -dentro de los hallazgos cl\u00ednicos asociados a \u00falceras venosas encontramos que la pesadez de piernas y el\u00bb<\/p>\n<p>&nbsp;<\/p>\n<h3>Datos acad\u00e9micos de la tesis doctoral \u00ab<strong>\u00falceras vasculares de extremidad inferior. an\u00e1lisis epidemiol\u00f3gico. dise\u00f1o de una gu\u00edaterape\u00fatica.<\/strong>\u00ab<\/h3>\n<ul>\n<li><strong>T\u00edtulo de la tesis:<\/strong>\u00a0 \u00falceras vasculares de extremidad inferior. an\u00e1lisis epidemiol\u00f3gico. dise\u00f1o de una gu\u00edaterape\u00fatica. <\/li>\n<li><strong>Autor:<\/strong>\u00a0 Marta Lopez Herranz <\/li>\n<li><strong>Universidad:<\/strong>\u00a0 Complutense de Madrid<\/li>\n<li><strong>Fecha de lectura de la tesis:<\/strong>\u00a0 12\/03\/2010<\/li>\n<\/ul>\n<p>&nbsp;<\/p>\n<h3>Direcci\u00f3n y tribunal<\/h3>\n<ul>\n<li><strong>Director de la tesis<\/strong>\n<ul>\n<li>Juan  Carlos L\u00f3pez Corral<\/li>\n<\/ul>\n<\/li>\n<li><strong>Tribunal<\/strong>\n<ul>\n<li>Presidente del tribunal: Juan  vicente Beneit montesinos <\/li>\n<li>Juan  diego Pedrera zamorano (vocal)<\/li>\n<li>Jos\u00e9 Luis Moreno de la fuente (vocal)<\/li>\n<li>Jos\u00e9 Tobajas asensio (vocal)<\/li>\n<\/ul>\n<\/li>\n<\/ul>\n<p>&nbsp;<\/p>\n","protected":false},"excerpt":{"rendered":"<p>Tesis doctoral de Marta Lopez Herranz \u00abintroducci\u00f3n: el presente trabajo de investigaci\u00f3n presentado por marta l\u00f3pez herranz, para optar al [&hellip;]<\/p>\n","protected":false},"author":1,"featured_media":0,"comment_status":"open","ping_status":"open","sticky":false,"template":"","format":"standard","meta":{"site-sidebar-layout":"default","site-content-layout":"","ast-site-content-layout":"","site-content-style":"default","site-sidebar-style":"default","ast-global-header-display":"","ast-banner-title-visibility":"","ast-main-header-display":"","ast-hfb-above-header-display":"","ast-hfb-below-header-display":"","ast-hfb-mobile-header-display":"","site-post-title":"","ast-breadcrumbs-content":"","ast-featured-img":"","footer-sml-layout":"","theme-transparent-header-meta":"","adv-header-id-meta":"","stick-header-meta":"","header-above-stick-meta":"","header-main-stick-meta":"","header-below-stick-meta":"","astra-migrate-meta-layouts":"default","ast-page-background-enabled":"default","ast-page-background-meta":{"desktop":{"background-color":"var(--ast-global-color-4)","background-image":"","background-repeat":"repeat","background-position":"center center","background-size":"auto","background-attachment":"scroll","background-type":"","background-media":"","overlay-type":"","overlay-color":"","overlay-gradient":""},"tablet":{"background-color":"","background-image":"","background-repeat":"repeat","background-position":"center center","background-size":"auto","background-attachment":"scroll","background-type":"","background-media":"","overlay-type":"","overlay-color":"","overlay-gradient":""},"mobile":{"background-color":"","background-image":"","background-repeat":"repeat","background-position":"center center","background-size":"auto","background-attachment":"scroll","background-type":"","background-media":"","overlay-type":"","overlay-color":"","overlay-gradient":""}},"ast-content-background-meta":{"desktop":{"background-color":"var(--ast-global-color-5)","background-image":"","background-repeat":"repeat","background-position":"center center","background-size":"auto","background-attachment":"scroll","background-type":"","background-media":"","overlay-type":"","overlay-color":"","overlay-gradient":""},"tablet":{"background-color":"var(--ast-global-color-5)","background-image":"","background-repeat":"repeat","background-position":"center center","background-size":"auto","background-attachment":"scroll","background-type":"","background-media":"","overlay-type":"","overlay-color":"","overlay-gradient":""},"mobile":{"background-color":"var(--ast-global-color-5)","background-image":"","background-repeat":"repeat","background-position":"center center","background-size":"auto","background-attachment":"scroll","background-type":"","background-media":"","overlay-type":"","overlay-color":"","overlay-gradient":""}},"footnotes":""},"categories":[1],"tags":[168253,203457,192878,42004,22673,203456],"class_list":["post-99750","post","type-post","status-publish","format-standard","hentry","category-sin-categoria","tag-jose-luis-moreno-de-la-fuente","tag-jose-tobajas-asensio","tag-juan-carlos-lopez-corral","tag-juan-diego-pedrera-zamorano","tag-juan-vicente-beneit-montesinos","tag-marta-lopez-herranz"],"_links":{"self":[{"href":"https:\/\/www.deberes.net\/tesis\/wp-json\/wp\/v2\/posts\/99750","targetHints":{"allow":["GET"]}}],"collection":[{"href":"https:\/\/www.deberes.net\/tesis\/wp-json\/wp\/v2\/posts"}],"about":[{"href":"https:\/\/www.deberes.net\/tesis\/wp-json\/wp\/v2\/types\/post"}],"author":[{"embeddable":true,"href":"https:\/\/www.deberes.net\/tesis\/wp-json\/wp\/v2\/users\/1"}],"replies":[{"embeddable":true,"href":"https:\/\/www.deberes.net\/tesis\/wp-json\/wp\/v2\/comments?post=99750"}],"version-history":[{"count":0,"href":"https:\/\/www.deberes.net\/tesis\/wp-json\/wp\/v2\/posts\/99750\/revisions"}],"wp:attachment":[{"href":"https:\/\/www.deberes.net\/tesis\/wp-json\/wp\/v2\/media?parent=99750"}],"wp:term":[{"taxonomy":"category","embeddable":true,"href":"https:\/\/www.deberes.net\/tesis\/wp-json\/wp\/v2\/categories?post=99750"},{"taxonomy":"post_tag","embeddable":true,"href":"https:\/\/www.deberes.net\/tesis\/wp-json\/wp\/v2\/tags?post=99750"}],"curies":[{"name":"wp","href":"https:\/\/api.w.org\/{rel}","templated":true}]}}