{"id":99756,"date":"2018-03-11T10:20:56","date_gmt":"2018-03-11T10:20:56","guid":{"rendered":""},"modified":"2018-03-11T10:20:56","modified_gmt":"2018-03-11T10:20:56","slug":"la-proteccion-penal-de-la-seguridad-y-salud-en-el-trabajo-los-arts-316-y-317-cp-un-analisis-desde-su-consideracion-como-derecho-de-los-trabajadores-a-desempenar-su-trabajo-en-condiciones-ma%c2%adni","status":"publish","type":"post","link":"https:\/\/www.deberes.net\/tesis\/derecho-penal\/la-proteccion-penal-de-la-seguridad-y-salud-en-el-trabajo-los-arts-316-y-317-cp-un-analisis-desde-su-consideracion-como-derecho-de-los-trabajadores-a-desempenar-su-trabajo-en-condiciones-ma%c2%adni\/","title":{"rendered":"La protecci\u00f3n penal de la seguridad y salud en el trabajo. los arts. 316 y 317 cp: un an\u00e1lisis desde su consideraci\u00f3n como derecho de los trabajadores a desempe\u00f1ar su trabajo en condiciones m\u00ednimas de seguridad personal"},"content":{"rendered":"<h2>Tesis doctoral de <strong> Jos\u00e9 Miguel Compa\u00f1y Catal\u00e1 <\/strong><\/h2>\n<p>Los supuestos de hecho de los centenares de sentencias a las que ya han dado origen los arts. 316 y 317 cp son desgarradores. Sin embargo, los jueces y tribunales contin\u00faan aplicando el tipo con interpretaciones laxas que globalmente consideradas permiten a los sujetos activos del delito considerar que delinquir en esta materia no trae consigo graves consecuencias y que, por tanto, en t\u00e9rminos econ\u00f3micos es m\u00e1s productivo el delito que cumplir con la normativa. Sostengo que dicho err\u00f3neo proceder judicial no es consecuencia de una err\u00f3nea legislaci\u00f3n, salvo peque\u00f1os matices, sino de una aplicaci\u00f3n defectuosa de la misma. Con este trabajo pretendo aportar soluciones a los m\u00e1s graves problemas dogm\u00e1ticos y pr\u00e1cticos que el tipo plantea, de modo que a supuestos de hecho tan dolorosos como los de esta materia correspondan, por fin, penas que cumplan con su funci\u00f3n de prevenci\u00f3n general y especial respecto a los delincuentes contra los trabajadores.<\/p>\n<p>&nbsp;<\/p>\n<h3>Datos acad\u00e9micos de la tesis doctoral \u00ab<strong>La protecci\u00f3n penal de la seguridad y salud en el trabajo. los arts. 316 y 317 cp: un an\u00e1lisis desde su consideraci\u00f3n como derecho de los trabajadores a desempe\u00f1ar su trabajo en condiciones m\u00ednimas de seguridad personal<\/strong>\u00ab<\/h3>\n<ul>\n<li><strong>T\u00edtulo de la tesis:<\/strong>\u00a0 La protecci\u00f3n penal de la seguridad y salud en el trabajo. los arts. 316 y 317 cp: un an\u00e1lisis desde su consideraci\u00f3n como derecho de los trabajadores a desempe\u00f1ar su trabajo en condiciones m\u00ednimas de seguridad personal <\/li>\n<li><strong>Autor:<\/strong>\u00a0 Jos\u00e9 Miguel Compa\u00f1y Catal\u00e1 <\/li>\n<li><strong>Universidad:<\/strong>\u00a0 Pompeu fabra<\/li>\n<li><strong>Fecha de lectura de la tesis:<\/strong>\u00a0 15\/03\/2010<\/li>\n<\/ul>\n<p>&nbsp;<\/p>\n<h3>Direcci\u00f3n y tribunal<\/h3>\n<ul>\n<li><strong>Director de la tesis<\/strong>\n<ul>\n<li>I\u00f1igo Ortiz De Urbina<\/li>\n<\/ul>\n<\/li>\n<li><strong>Tribunal<\/strong>\n<ul>\n<li>Presidente del tribunal: Jes\u00fas Mar\u00eda Silva s\u00e1nchez <\/li>\n<li>Mar\u00eda  Luisa Corcoy bidasolo (vocal)<\/li>\n<li>Mar\u00eda Mart\u00edn lorenzo (vocal)<\/li>\n<li>Juan  Antonio Lascura\u00edn s\u00e1nchez (vocal)<\/li>\n<\/ul>\n<\/li>\n<\/ul>\n<p>&nbsp;<\/p>\n","protected":false},"excerpt":{"rendered":"<p>Tesis doctoral de Jos\u00e9 Miguel Compa\u00f1y Catal\u00e1 Los supuestos de hecho de los centenares de sentencias a las que ya [&hellip;]<\/p>\n","protected":false},"author":1,"featured_media":0,"comment_status":"open","ping_status":"open","sticky":false,"template":"","format":"standard","meta":{"site-sidebar-layout":"default","site-content-layout":"","ast-site-content-layout":"","site-content-style":"default","site-sidebar-style":"default","ast-global-header-display":"","ast-banner-title-visibility":"","ast-main-header-display":"","ast-hfb-above-header-display":"","ast-hfb-below-header-display":"","ast-hfb-mobile-header-display":"","site-post-title":"","ast-breadcrumbs-content":"","ast-featured-img":"","footer-sml-layout":"","theme-transparent-header-meta":"","adv-header-id-meta":"","stick-header-meta":"","header-above-stick-meta":"","header-main-stick-meta":"","header-below-stick-meta":"","astra-migrate-meta-layouts":"default","ast-page-background-enabled":"default","ast-page-background-meta":{"desktop":{"background-color":"var(--ast-global-color-4)","background-image":"","background-repeat":"repeat","background-position":"center center","background-size":"auto","background-attachment":"scroll","background-type":"","background-media":"","overlay-type":"","overlay-color":"","overlay-gradient":""},"tablet":{"background-color":"","background-image":"","background-repeat":"repeat","background-position":"center center","background-size":"auto","background-attachment":"scroll","background-type":"","background-media":"","overlay-type":"","overlay-color":"","overlay-gradient":""},"mobile":{"background-color":"","background-image":"","background-repeat":"repeat","background-position":"center center","background-size":"auto","background-attachment":"scroll","background-type":"","background-media":"","overlay-type":"","overlay-color":"","overlay-gradient":""}},"ast-content-background-meta":{"desktop":{"background-color":"var(--ast-global-color-5)","background-image":"","background-repeat":"repeat","background-position":"center center","background-size":"auto","background-attachment":"scroll","background-type":"","background-media":"","overlay-type":"","overlay-color":"","overlay-gradient":""},"tablet":{"background-color":"var(--ast-global-color-5)","background-image":"","background-repeat":"repeat","background-position":"center center","background-size":"auto","background-attachment":"scroll","background-type":"","background-media":"","overlay-type":"","overlay-color":"","overlay-gradient":""},"mobile":{"background-color":"var(--ast-global-color-5)","background-image":"","background-repeat":"repeat","background-position":"center center","background-size":"auto","background-attachment":"scroll","background-type":"","background-media":"","overlay-type":"","overlay-color":"","overlay-gradient":""}},"footnotes":""},"categories":[2170,613,3620,19869,18712],"tags":[74866,4561,203464,80786,37981,153783],"class_list":["post-99756","post","type-post","status-publish","format-standard","hentry","category-derecho-del-trabajo-y-de-la-seguridad-social","category-derecho-penal","category-derecho-procesal","category-derechos-humanos","category-pompeu-fabra","tag-inigo-ortiz-de-urbina","tag-jesus-maria-silva-sanchez","tag-jose-miguel-company-catala","tag-juan-antonio-lascurain-sanchez","tag-maria-luisa-corcoy-bidasolo","tag-maria-martin-lorenzo"],"_links":{"self":[{"href":"https:\/\/www.deberes.net\/tesis\/wp-json\/wp\/v2\/posts\/99756","targetHints":{"allow":["GET"]}}],"collection":[{"href":"https:\/\/www.deberes.net\/tesis\/wp-json\/wp\/v2\/posts"}],"about":[{"href":"https:\/\/www.deberes.net\/tesis\/wp-json\/wp\/v2\/types\/post"}],"author":[{"embeddable":true,"href":"https:\/\/www.deberes.net\/tesis\/wp-json\/wp\/v2\/users\/1"}],"replies":[{"embeddable":true,"href":"https:\/\/www.deberes.net\/tesis\/wp-json\/wp\/v2\/comments?post=99756"}],"version-history":[{"count":0,"href":"https:\/\/www.deberes.net\/tesis\/wp-json\/wp\/v2\/posts\/99756\/revisions"}],"wp:attachment":[{"href":"https:\/\/www.deberes.net\/tesis\/wp-json\/wp\/v2\/media?parent=99756"}],"wp:term":[{"taxonomy":"category","embeddable":true,"href":"https:\/\/www.deberes.net\/tesis\/wp-json\/wp\/v2\/categories?post=99756"},{"taxonomy":"post_tag","embeddable":true,"href":"https:\/\/www.deberes.net\/tesis\/wp-json\/wp\/v2\/tags?post=99756"}],"curies":[{"name":"wp","href":"https:\/\/api.w.org\/{rel}","templated":true}]}}