{"id":99762,"date":"2018-03-11T10:21:00","date_gmt":"2018-03-11T10:21:00","guid":{"rendered":"https:\/\/www.deberes.net\/tesis\/sin-categoria\/prevencion-de-la-dependencia-y-factores-vinculados-al-envejecimiento-activo-y-saludable-en-personas-mayores\/"},"modified":"2018-03-11T10:21:00","modified_gmt":"2018-03-11T10:21:00","slug":"prevencion-de-la-dependencia-y-factores-vinculados-al-envejecimiento-activo-y-saludable-en-personas-mayores","status":"publish","type":"post","link":"https:\/\/www.deberes.net\/tesis\/cadiz\/prevencion-de-la-dependencia-y-factores-vinculados-al-envejecimiento-activo-y-saludable-en-personas-mayores\/","title":{"rendered":"Prevenci\u00f3n de la dependencia y factores vinculados al envejecimiento activo y saludable en personas mayores"},"content":{"rendered":"<h2>Tesis doctoral de <strong> Montserrat Coll Porta <\/strong><\/h2>\n<p>A partir de 391 encuestas destinadas a personas mayores de 65 a\u00f1os, residentes en sevilla capital, no institucionalizadas, y aplicadas en el aula de la experiencia de la universidad de sevilla, en cinco centros de d\u00eda para personas mayores de titularidad de la junta de andaluc\u00eda y telef\u00f3nicamente, en domicilios de sujetos mayores que no acuden a centros de d\u00eda, ni est\u00e1n matriculados en la universidad, se hace un estudio descriptivo mediante un an\u00e1lisis de regresi\u00f3n lineal multivariante, poniendo en relaci\u00f3n los resultados obtenidos en tres cuestionarios (dufss, pgwbi y eq-5d) que est\u00e1n adaptados para la poblaci\u00f3n espa\u00f1ola.  el objetivo de este trabajo consiste en determinar si se producen cambios en la calidad de vida de las personas mayores desde la autopercepci\u00f3n de la salud, la autonom\u00eda personal, el estado psicoemocional y el apoyo sociofamiliar como consecuencia de la participaci\u00f3n de los mayores en actuaciones socioeducativas de envejecimiento activo.  la conclusi\u00f3n principal de este estudio reside en que los cambios en la calidad de vida de personas mayores se generan de manera m\u00e1s significativa por determinados componentes psicosociales (el apoyo sociofamiliar, la comunicaci\u00f3n y el reconocimiento personal), que por participar en programas o actividades de intervenci\u00f3n educativa destinadas a personas mayores.  no obstante, la educaci\u00f3n recibida a lo largo de la vida caracterizada por el nivel de estudios adquiridos constituye un fundamento s\u00f3lido en la vida del mayor y una base positiva para la prevenci\u00f3n de situaciones de dependencia, para el fomento del envejecimiento activo y para el est\u00edmulo de h\u00e1bitos y condiciones de vida saludables.<\/p>\n<p>&nbsp;<\/p>\n<h3>Datos acad\u00e9micos de la tesis doctoral \u00ab<strong>Prevenci\u00f3n de la dependencia y factores vinculados al envejecimiento activo y saludable en personas mayores<\/strong>\u00ab<\/h3>\n<ul>\n<li><strong>T\u00edtulo de la tesis:<\/strong>\u00a0 Prevenci\u00f3n de la dependencia y factores vinculados al envejecimiento activo y saludable en personas mayores <\/li>\n<li><strong>Autor:<\/strong>\u00a0 Montserrat Coll Porta <\/li>\n<li><strong>Universidad:<\/strong>\u00a0 C\u00e1diz<\/li>\n<li><strong>Fecha de lectura de la tesis:<\/strong>\u00a0 15\/03\/2010<\/li>\n<\/ul>\n<p>&nbsp;<\/p>\n<h3>Direcci\u00f3n y tribunal<\/h3>\n<ul>\n<li><strong>Director de la tesis<\/strong>\n<ul>\n<li>Manuel Aguilar Villagran<\/li>\n<\/ul>\n<\/li>\n<li><strong>Tribunal<\/strong>\n<ul>\n<li>Presidente del tribunal: Jos\u00e9 ignacio Navarro guzm\u00e1n <\/li>\n<li>Jos\u00e9 Mar\u00eda Roman sanchez (vocal)<\/li>\n<li>ramona Rubio herrera (vocal)<\/li>\n<li>emilia Serra desfilis (vocal)<\/li>\n<\/ul>\n<\/li>\n<\/ul>\n<p>&nbsp;<\/p>\n","protected":false},"excerpt":{"rendered":"<p>Tesis doctoral de Montserrat Coll Porta A partir de 391 encuestas destinadas a personas mayores de 65 a\u00f1os, residentes en [&hellip;]<\/p>\n","protected":false},"author":1,"featured_media":0,"comment_status":"open","ping_status":"open","sticky":false,"template":"","format":"standard","meta":{"site-sidebar-layout":"default","site-content-layout":"","ast-site-content-layout":"","site-content-style":"default","site-sidebar-style":"default","ast-global-header-display":"","ast-banner-title-visibility":"","ast-main-header-display":"","ast-hfb-above-header-display":"","ast-hfb-below-header-display":"","ast-hfb-mobile-header-display":"","site-post-title":"","ast-breadcrumbs-content":"","ast-featured-img":"","footer-sml-layout":"","theme-transparent-header-meta":"","adv-header-id-meta":"","stick-header-meta":"","header-above-stick-meta":"","header-main-stick-meta":"","header-below-stick-meta":"","astra-migrate-meta-layouts":"default","ast-page-background-enabled":"default","ast-page-background-meta":{"desktop":{"background-color":"var(--ast-global-color-4)","background-image":"","background-repeat":"repeat","background-position":"center center","background-size":"auto","background-attachment":"scroll","background-type":"","background-media":"","overlay-type":"","overlay-color":"","overlay-gradient":""},"tablet":{"background-color":"","background-image":"","background-repeat":"repeat","background-position":"center center","background-size":"auto","background-attachment":"scroll","background-type":"","background-media":"","overlay-type":"","overlay-color":"","overlay-gradient":""},"mobile":{"background-color":"","background-image":"","background-repeat":"repeat","background-position":"center center","background-size":"auto","background-attachment":"scroll","background-type":"","background-media":"","overlay-type":"","overlay-color":"","overlay-gradient":""}},"ast-content-background-meta":{"desktop":{"background-color":"var(--ast-global-color-5)","background-image":"","background-repeat":"repeat","background-position":"center center","background-size":"auto","background-attachment":"scroll","background-type":"","background-media":"","overlay-type":"","overlay-color":"","overlay-gradient":""},"tablet":{"background-color":"var(--ast-global-color-5)","background-image":"","background-repeat":"repeat","background-position":"center center","background-size":"auto","background-attachment":"scroll","background-type":"","background-media":"","overlay-type":"","overlay-color":"","overlay-gradient":""},"mobile":{"background-color":"var(--ast-global-color-5)","background-image":"","background-repeat":"repeat","background-position":"center center","background-size":"auto","background-attachment":"scroll","background-type":"","background-media":"","overlay-type":"","overlay-color":"","overlay-gradient":""}},"footnotes":""},"categories":[1506,19815,4697],"tags":[12196,34412,5139,34411,203473,21712],"class_list":["post-99762","post","type-post","status-publish","format-standard","hentry","category-cadiz","category-calidad-de-vida","category-envejecimiento-de-la-poblacion","tag-emilia-serra-desfilis","tag-jose-ignacio-navarro-guzman","tag-jose-maria-roman-sanchez","tag-manuel-aguilar-villagran","tag-montserrat-coll-porta","tag-ramona-rubio-herrera"],"_links":{"self":[{"href":"https:\/\/www.deberes.net\/tesis\/wp-json\/wp\/v2\/posts\/99762","targetHints":{"allow":["GET"]}}],"collection":[{"href":"https:\/\/www.deberes.net\/tesis\/wp-json\/wp\/v2\/posts"}],"about":[{"href":"https:\/\/www.deberes.net\/tesis\/wp-json\/wp\/v2\/types\/post"}],"author":[{"embeddable":true,"href":"https:\/\/www.deberes.net\/tesis\/wp-json\/wp\/v2\/users\/1"}],"replies":[{"embeddable":true,"href":"https:\/\/www.deberes.net\/tesis\/wp-json\/wp\/v2\/comments?post=99762"}],"version-history":[{"count":0,"href":"https:\/\/www.deberes.net\/tesis\/wp-json\/wp\/v2\/posts\/99762\/revisions"}],"wp:attachment":[{"href":"https:\/\/www.deberes.net\/tesis\/wp-json\/wp\/v2\/media?parent=99762"}],"wp:term":[{"taxonomy":"category","embeddable":true,"href":"https:\/\/www.deberes.net\/tesis\/wp-json\/wp\/v2\/categories?post=99762"},{"taxonomy":"post_tag","embeddable":true,"href":"https:\/\/www.deberes.net\/tesis\/wp-json\/wp\/v2\/tags?post=99762"}],"curies":[{"name":"wp","href":"https:\/\/api.w.org\/{rel}","templated":true}]}}