{"id":99770,"date":"2018-03-11T10:21:00","date_gmt":"2018-03-11T10:21:00","guid":{"rendered":"https:\/\/www.deberes.net\/tesis\/sin-categoria\/a-la-altura-de-los-tiempos-la-revolucion-de-los-claveles-y-europa-segun-la-perspectiva-orteguiana\/"},"modified":"2018-03-11T10:21:00","modified_gmt":"2018-03-11T10:21:00","slug":"a-la-altura-de-los-tiempos-la-revolucion-de-los-claveles-y-europa-segun-la-perspectiva-orteguiana","status":"publish","type":"post","link":"https:\/\/www.deberes.net\/tesis\/filosofia\/a-la-altura-de-los-tiempos-la-revolucion-de-los-claveles-y-europa-segun-la-perspectiva-orteguiana\/","title":{"rendered":"A la altura de los tiempos. la revoluci\u00f3n de los claveles y europa seg\u00fan la perspectiva orteguiana"},"content":{"rendered":"<h2>Tesis doctoral de <strong> Gon\u00c1\u00a7alo Miguel Gonz\u00e1lez Pombo <\/strong><\/h2>\n<p>Interpretaci\u00f3n orteguiana de la sociedad contempor\u00e1nea portuguesa, enfatizando el momento clave denominado \u00c2\u00abrevoluci\u00f3n de los claveles\u00c2\u00bb, para saber si realmente hubo una \u00c2\u00abreal\u00c2\u00bb revoluci\u00f3n en portugal y, en consecuencia, comprender la sociedad portuguesa y su encuadramiento con la situaci\u00f3n europea.<\/p>\n<p>&nbsp;<\/p>\n<h3>Datos acad\u00e9micos de la tesis doctoral \u00ab<strong>A la altura de los tiempos. la revoluci\u00f3n de los claveles y europa seg\u00fan la perspectiva orteguiana<\/strong>\u00ab<\/h3>\n<ul>\n<li><strong>T\u00edtulo de la tesis:<\/strong>\u00a0 A la altura de los tiempos. la revoluci\u00f3n de los claveles y europa seg\u00fan la perspectiva orteguiana <\/li>\n<li><strong>Autor:<\/strong>\u00a0 Gon\u00c1\u00a7alo Miguel Gonz\u00e1lez Pombo <\/li>\n<li><strong>Universidad:<\/strong>\u00a0 Barcelona<\/li>\n<li><strong>Fecha de lectura de la tesis:<\/strong>\u00a0 15\/03\/2010<\/li>\n<\/ul>\n<p>&nbsp;<\/p>\n<h3>Direcci\u00f3n y tribunal<\/h3>\n<ul>\n<li><strong>Director de la tesis<\/strong>\n<ul>\n<li>Francisco L\u00f3pez Fr\u00edas<\/li>\n<\/ul>\n<\/li>\n<li><strong>Tribunal<\/strong>\n<ul>\n<li>Presidente del tribunal: eudaldo Forment giralt <\/li>\n<li>Jaime Salas ortueta (vocal)<\/li>\n<li>  (vocal)<\/li>\n<li>  (vocal)<\/li>\n<\/ul>\n<\/li>\n<\/ul>\n<p>&nbsp;<\/p>\n","protected":false},"excerpt":{"rendered":"<p>Tesis doctoral de Gon\u00c1\u00a7alo Miguel Gonz\u00e1lez Pombo Interpretaci\u00f3n orteguiana de la sociedad contempor\u00e1nea portuguesa, enfatizando el momento clave denominado \u00c2\u00abrevoluci\u00f3n [&hellip;]<\/p>\n","protected":false},"author":1,"featured_media":0,"comment_status":"open","ping_status":"open","sticky":false,"template":"","format":"standard","meta":{"site-sidebar-layout":"default","site-content-layout":"","ast-site-content-layout":"","site-content-style":"default","site-sidebar-style":"default","ast-global-header-display":"","ast-banner-title-visibility":"","ast-main-header-display":"","ast-hfb-above-header-display":"","ast-hfb-below-header-display":"","ast-hfb-mobile-header-display":"","site-post-title":"","ast-breadcrumbs-content":"","ast-featured-img":"","footer-sml-layout":"","theme-transparent-header-meta":"","adv-header-id-meta":"","stick-header-meta":"","header-above-stick-meta":"","header-main-stick-meta":"","header-below-stick-meta":"","astra-migrate-meta-layouts":"default","ast-page-background-enabled":"default","ast-page-background-meta":{"desktop":{"background-color":"var(--ast-global-color-4)","background-image":"","background-repeat":"repeat","background-position":"center center","background-size":"auto","background-attachment":"scroll","background-type":"","background-media":"","overlay-type":"","overlay-color":"","overlay-gradient":""},"tablet":{"background-color":"","background-image":"","background-repeat":"repeat","background-position":"center center","background-size":"auto","background-attachment":"scroll","background-type":"","background-media":"","overlay-type":"","overlay-color":"","overlay-gradient":""},"mobile":{"background-color":"","background-image":"","background-repeat":"repeat","background-position":"center center","background-size":"auto","background-attachment":"scroll","background-type":"","background-media":"","overlay-type":"","overlay-color":"","overlay-gradient":""}},"ast-content-background-meta":{"desktop":{"background-color":"var(--ast-global-color-5)","background-image":"","background-repeat":"repeat","background-position":"center center","background-size":"auto","background-attachment":"scroll","background-type":"","background-media":"","overlay-type":"","overlay-color":"","overlay-gradient":""},"tablet":{"background-color":"var(--ast-global-color-5)","background-image":"","background-repeat":"repeat","background-position":"center center","background-size":"auto","background-attachment":"scroll","background-type":"","background-media":"","overlay-type":"","overlay-color":"","overlay-gradient":""},"mobile":{"background-color":"var(--ast-global-color-5)","background-image":"","background-repeat":"repeat","background-position":"center center","background-size":"auto","background-attachment":"scroll","background-type":"","background-media":"","overlay-type":"","overlay-color":"","overlay-gradient":""}},"footnotes":""},"categories":[960,951,8646,165,6008],"tags":[1188,274,203486,5254],"class_list":["post-99770","post","type-post","status-publish","format-standard","hentry","category-antropologia-filosofica","category-barcelona","category-etica","category-filosofia","category-filosofia-politica","tag-eudaldo-forment-giralt","tag-francisco-lopez-frias","tag-gonaalo-miguel-gonzalez-pombo","tag-jaime-salas-ortueta"],"_links":{"self":[{"href":"https:\/\/www.deberes.net\/tesis\/wp-json\/wp\/v2\/posts\/99770","targetHints":{"allow":["GET"]}}],"collection":[{"href":"https:\/\/www.deberes.net\/tesis\/wp-json\/wp\/v2\/posts"}],"about":[{"href":"https:\/\/www.deberes.net\/tesis\/wp-json\/wp\/v2\/types\/post"}],"author":[{"embeddable":true,"href":"https:\/\/www.deberes.net\/tesis\/wp-json\/wp\/v2\/users\/1"}],"replies":[{"embeddable":true,"href":"https:\/\/www.deberes.net\/tesis\/wp-json\/wp\/v2\/comments?post=99770"}],"version-history":[{"count":0,"href":"https:\/\/www.deberes.net\/tesis\/wp-json\/wp\/v2\/posts\/99770\/revisions"}],"wp:attachment":[{"href":"https:\/\/www.deberes.net\/tesis\/wp-json\/wp\/v2\/media?parent=99770"}],"wp:term":[{"taxonomy":"category","embeddable":true,"href":"https:\/\/www.deberes.net\/tesis\/wp-json\/wp\/v2\/categories?post=99770"},{"taxonomy":"post_tag","embeddable":true,"href":"https:\/\/www.deberes.net\/tesis\/wp-json\/wp\/v2\/tags?post=99770"}],"curies":[{"name":"wp","href":"https:\/\/api.w.org\/{rel}","templated":true}]}}