{"id":99841,"date":"2018-03-11T10:21:05","date_gmt":"2018-03-11T10:21:05","guid":{"rendered":"https:\/\/www.deberes.net\/tesis\/sin-categoria\/estudio-y-desarrollo-de-indicadores-biologicos-para-evaluar-el-alcance-espacial-de-vertidos-procedentes-de-granjas-marinas\/"},"modified":"2018-03-11T10:21:05","modified_gmt":"2018-03-11T10:21:05","slug":"estudio-y-desarrollo-de-indicadores-biologicos-para-evaluar-el-alcance-espacial-de-vertidos-procedentes-de-granjas-marinas","status":"publish","type":"post","link":"https:\/\/www.deberes.net\/tesis\/oceanografia\/estudio-y-desarrollo-de-indicadores-biologicos-para-evaluar-el-alcance-espacial-de-vertidos-procedentes-de-granjas-marinas\/","title":{"rendered":"Estudio y desarrollo de indicadores biol\u00f3gicos para evaluar el alcance espacial de vertidos procedentes de granjas marinas"},"content":{"rendered":"<h2>Tesis doctoral de <strong> Mar\u00eda Garc\u00eda Sanz <\/strong><\/h2>\n<p>El control de la dispersi\u00f3n de los vertidos acu\u00edcolas en el medio marino y la evaluaci\u00f3n del impacto ambiental de los aportes org\u00e1nicos e inorg\u00e1nicos procedentes de dicha actividad representan actualmente uno de los principales retos para el desarrollo de una gesti\u00f3n sostenible de la acuicultura, compatible con la conservaci\u00f3n de los ecosistemas marinos costeros. Por ello, el objetivo principal de esta tesis ha sido el desarrollo de herramientas adecuadas que permitan estimar el alcance espacial de los vertidos procedentes de las granjas marinas flotantes dedicadas al cultivo de peces, basadas en la utilizaci\u00f3n de los macr\u00f3fitos bent\u00f3nicos (macroalgas y faner\u00f3gamas) como indicadores del r\u00e9gimen de nutrientes del medio. El \u00e1mbito de estudio han sido zonas costeras abiertas, altamente dispersivas, donde el tiempo de residencia de los nutrientes en el agua es muy escaso, y donde se est\u00e1 concentrando la actividad de la industria acu\u00edcola en la \u00faltima d\u00e9cada.   en este trabajo se han evaluado una serie de descriptores a nivel fisiol\u00f3gico en la faner\u00f3gama marina posidonia oce\u00e1nica para detectar los efectos de aportes de la acuicultura en este ecosistema poniendo en evidencia el potencial de la se\u00f1al isot\u00f3pica del n, especialmente en el compartimento de ep\u00edfitos, como bioindicador de la llegada de nitr\u00f3geno procedente de las granjas marinas a estos ecosistemas. A su vez, se ha profundizado sobre el efecto de los vertidos acu\u00edcolas en la variabilidad de la se\u00f1al isot\u00f3pica del n y del n total en los ep\u00edfitos y en diferentes compartimentos (hojas, rizomas y ra\u00edces) de las faner\u00f3gamas marinas posidonia oceanica y cymodocea nodosa con el objetivo de comparar la sensibilidad de ambos indicadores en diferentes compartimentos del ecosistema respecto a los cambios externos del r\u00e9gimen de nutrientes. La investigaci\u00f3n desarrollada en estos dos estudios aporta informaci\u00f3n sobre las respuestas fisiol\u00f3gicas de las faner\u00f3gama marinas estudiadas a los vertidos procedentes de granjas marinas a la vez que demuestra la utilidad de algunas variables fisiol\u00f3gicas, y en especial de la se\u00f1al de 15n en los tejidos de las faner\u00f3gamas marinas como indicadora del destino de los aportes de n disuelto derivado de los vertidos de acuicultura en estos ecosistemas.  por otra parte, se ha desarrollado y aplicado un m\u00e9todo experimental para determinar el alcance espacial de vertidos de granjas marinas en la columna de agua basado en el an\u00e1lisis del 15n en macroalgas mediante el empleo de bioensayos. Para el desarrollo del m\u00e9todo se han evaluado una serie de factores que pueden afectar a nuestra herramienta de an\u00e1lisis (15n en macr\u00f3fitos) tales como la  especie de alga utilizada, la profundidad y el tiempo de incubaci\u00f3n de los bioensayos. Con la aplicaci\u00f3n del m\u00e9todo de bioensayos se han obtenido unas distancias m\u00e1ximas de detecci\u00f3n de vertidos procedentes de granjas marinas de entre 200 y 2000 m dependiendo del sitio de estudio y de las caracter\u00edsticas de las granjas marinas. Estas distancias de detecci\u00f3n han sido mayores en una direcci\u00f3n que en otra dependiendo de la direcci\u00f3n de los vientos dominantes en el momento de la experiencia poniendo en evidencia el car\u00e1cter anisotr\u00f3pico de la dispersi\u00f3n de los vertidos acu\u00edcolas. Por \u00faltimo, se ha demostrado experimentalmente la eficacia del 15n de las macroalgas para reflejar el nitr\u00f3geno procedente de los vertidos de las granjas marinas bajo diferentes condiciones ambientales de concentraci\u00f3n de nitr\u00f3geno y de luz. Este estudio demuestra que la acumulaci\u00f3n de 15n en tejidos de macroalgas es predecible en un rango de 15n y de concentraciones de n y que algunos factores ambientales, tales como la intensidad de luz, han de tenerse en cuenta a la hora de usar macroalgas para evaluar la disponibilidad de fuentes de n en estudios ecol\u00f3gicos.<\/p>\n<p>&nbsp;<\/p>\n<h3>Datos acad\u00e9micos de la tesis doctoral \u00ab<strong>Estudio y desarrollo de indicadores biol\u00f3gicos para evaluar el alcance espacial de vertidos procedentes de granjas marinas<\/strong>\u00ab<\/h3>\n<ul>\n<li><strong>T\u00edtulo de la tesis:<\/strong>\u00a0 Estudio y desarrollo de indicadores biol\u00f3gicos para evaluar el alcance espacial de vertidos procedentes de granjas marinas <\/li>\n<li><strong>Autor:<\/strong>\u00a0 Mar\u00eda Garc\u00eda Sanz <\/li>\n<li><strong>Universidad:<\/strong>\u00a0 Barcelona<\/li>\n<li><strong>Fecha de lectura de la tesis:<\/strong>\u00a0 19\/03\/2010<\/li>\n<\/ul>\n<p>&nbsp;<\/p>\n<h3>Direcci\u00f3n y tribunal<\/h3>\n<ul>\n<li><strong>Director de la tesis<\/strong>\n<ul>\n<li>Marta P\u00e9rez Vallmitjana<\/li>\n<\/ul>\n<\/li>\n<li><strong>Tribunal<\/strong>\n<ul>\n<li>Presidente del tribunal: Javier Romero martinengo <\/li>\n<li>Jos\u00e9 lu\u00eds S\u00e1nchez lizaso (vocal)<\/li>\n<li>  (vocal)<\/li>\n<li>  (vocal)<\/li>\n<\/ul>\n<\/li>\n<\/ul>\n<p>&nbsp;<\/p>\n","protected":false},"excerpt":{"rendered":"<p>Tesis doctoral de Mar\u00eda Garc\u00eda Sanz El control de la dispersi\u00f3n de los vertidos acu\u00edcolas en el medio marino y [&hellip;]<\/p>\n","protected":false},"author":1,"featured_media":0,"comment_status":"open","ping_status":"open","sticky":false,"template":"","format":"standard","meta":{"site-sidebar-layout":"default","site-content-layout":"","ast-site-content-layout":"","site-content-style":"default","site-sidebar-style":"default","ast-global-header-display":"","ast-banner-title-visibility":"","ast-main-header-display":"","ast-hfb-above-header-display":"","ast-hfb-below-header-display":"","ast-hfb-mobile-header-display":"","site-post-title":"","ast-breadcrumbs-content":"","ast-featured-img":"","footer-sml-layout":"","theme-transparent-header-meta":"","adv-header-id-meta":"","stick-header-meta":"","header-above-stick-meta":"","header-main-stick-meta":"","header-below-stick-meta":"","astra-migrate-meta-layouts":"default","ast-page-background-enabled":"default","ast-page-background-meta":{"desktop":{"background-color":"var(--ast-global-color-4)","background-image":"","background-repeat":"repeat","background-position":"center center","background-size":"auto","background-attachment":"scroll","background-type":"","background-media":"","overlay-type":"","overlay-color":"","overlay-gradient":""},"tablet":{"background-color":"","background-image":"","background-repeat":"repeat","background-position":"center center","background-size":"auto","background-attachment":"scroll","background-type":"","background-media":"","overlay-type":"","overlay-color":"","overlay-gradient":""},"mobile":{"background-color":"","background-image":"","background-repeat":"repeat","background-position":"center center","background-size":"auto","background-attachment":"scroll","background-type":"","background-media":"","overlay-type":"","overlay-color":"","overlay-gradient":""}},"ast-content-background-meta":{"desktop":{"background-color":"var(--ast-global-color-5)","background-image":"","background-repeat":"repeat","background-position":"center center","background-size":"auto","background-attachment":"scroll","background-type":"","background-media":"","overlay-type":"","overlay-color":"","overlay-gradient":""},"tablet":{"background-color":"var(--ast-global-color-5)","background-image":"","background-repeat":"repeat","background-position":"center center","background-size":"auto","background-attachment":"scroll","background-type":"","background-media":"","overlay-type":"","overlay-color":"","overlay-gradient":""},"mobile":{"background-color":"var(--ast-global-color-5)","background-image":"","background-repeat":"repeat","background-position":"center center","background-size":"auto","background-attachment":"scroll","background-type":"","background-media":"","overlay-type":"","overlay-color":"","overlay-gradient":""}},"footnotes":""},"categories":[951,20548,14825,14352,228],"tags":[8228,126326,203588,201880],"class_list":["post-99841","post","type-post","status-publish","format-standard","hentry","category-barcelona","category-botanica-oceanografica","category-fijacion-y-movilizacion-biologica-de-nutrientes","category-isotopos-estables","category-oceanografia","tag-javier-romero-martinengo","tag-jose-luis-sanchez-lizaso","tag-maria-garcia-sanz","tag-marta-perez-vallmitjana"],"_links":{"self":[{"href":"https:\/\/www.deberes.net\/tesis\/wp-json\/wp\/v2\/posts\/99841","targetHints":{"allow":["GET"]}}],"collection":[{"href":"https:\/\/www.deberes.net\/tesis\/wp-json\/wp\/v2\/posts"}],"about":[{"href":"https:\/\/www.deberes.net\/tesis\/wp-json\/wp\/v2\/types\/post"}],"author":[{"embeddable":true,"href":"https:\/\/www.deberes.net\/tesis\/wp-json\/wp\/v2\/users\/1"}],"replies":[{"embeddable":true,"href":"https:\/\/www.deberes.net\/tesis\/wp-json\/wp\/v2\/comments?post=99841"}],"version-history":[{"count":0,"href":"https:\/\/www.deberes.net\/tesis\/wp-json\/wp\/v2\/posts\/99841\/revisions"}],"wp:attachment":[{"href":"https:\/\/www.deberes.net\/tesis\/wp-json\/wp\/v2\/media?parent=99841"}],"wp:term":[{"taxonomy":"category","embeddable":true,"href":"https:\/\/www.deberes.net\/tesis\/wp-json\/wp\/v2\/categories?post=99841"},{"taxonomy":"post_tag","embeddable":true,"href":"https:\/\/www.deberes.net\/tesis\/wp-json\/wp\/v2\/tags?post=99841"}],"curies":[{"name":"wp","href":"https:\/\/api.w.org\/{rel}","templated":true}]}}