{"id":99852,"date":"2018-03-11T10:21:05","date_gmt":"2018-03-11T10:21:05","guid":{"rendered":"https:\/\/www.deberes.net\/tesis\/sin-categoria\/proteasas-de-sumo-en-la-interaccion-planta-patogeno\/"},"modified":"2018-03-11T10:21:05","modified_gmt":"2018-03-11T10:21:05","slug":"proteasas-de-sumo-en-la-interaccion-planta-patogeno","status":"publish","type":"post","link":"https:\/\/www.deberes.net\/tesis\/ingenieria-genetica\/proteasas-de-sumo-en-la-interaccion-planta-patogeno\/","title":{"rendered":"Proteasas de sumo en la interacci\u00f3n planta-pat\u00f3geno"},"content":{"rendered":"<h2>Tesis doctoral de <strong> Carlos Martin Guevara <\/strong><\/h2>\n<p>T\u00edtulo de la tesis: proteasas de sumo en la interacci\u00f3n planta-pat\u00f3geno resumen: la sume-ilaci\u00f3n es un proceso eucariota de modificaci\u00f3n postraduccional similar a la ubiquitinizaci\u00f3n, que consiste en la uni\u00f3n covalente a ciertas prote\u00ednas de un peque\u00f1o p\u00e9ptido denominado sumo (small ubiquitin-related modifier), lo que puede alterar diversas caracter\u00edsticas funcionales de la prote\u00edna modificada. La sumoilaci\u00f3n es un proceso celular esencial, tanto en animales como en plantas, y que constituye una diana para prote\u00ednas de virulencia de virus, hongos y bacterias. En nuestro trabajo nos vamos a centrar en las proteasas de sumo de arabidopsis thaliana ulp. Se obtuvieron mutantes mediante inserci\u00f3n de t-dna de la base de germoplasma de tair de estos dos genes, los mutantes fueron analizados y se seleccionaron los dobles homocig\u00f3ticos para la inserci\u00f3n. Los mutantes simples no presentaban ning\u00fan fenotipo morfol\u00f3gico, en cambio el doble mutante present\u00f3 un adelanto en la floraci\u00f3n con respecto a los mutantes simples y al wild-type columbia-0, as\u00ed como un acortamiento de la ra\u00edz primar\u00eda en crecimiento vertical en medio ms.Los mutantes simples presentan un ligero aumento en la resistencia a la infecci\u00f3n por pseudomonas syr\u00edngae pv. Tomato (dc3000), este aumento se muestra significativo en el doble mutante, presentando un crecimiento bacteriano disminuido cinco veces. Estudios mediante pcr a tiempo real confirman una mayor expresi\u00f3n de los genes marcadores de las rutas de respuesta tanto de \u00e1cido salicilico como \u00e1cido jasm\u00f3nico, dichas rutas est\u00e1n implicadas en la respuesta de defensa a pat\u00f3genos, una mayor expresi\u00f3n de estos genes nos sugiere una respuesta m\u00e1s eficiente y portante, justifica la mayor resistencia al pat\u00f3geno presentada en los experimentos de multiplicaci\u00f3n bacteriana. Numerosas bacterias pat\u00f3genas gram negativas utilizan sistemas de secreci\u00f3n especializados, denominados sistemas de secreci\u00f3n tipo iii (ttss), para introducir prote\u00ednas de virulencia (efectores) directamente al citosol de su hospedador. Dichos efectores interfieren con diversos procesos celulares eucarlotas, para beneficio de la bacteria. Entre los procesos afectados se encuentra la sumoilaci\u00f3n. En este trabajo hemos realizado una b\u00fasqueda de prote\u00ednas de la planta que constituyan dianas de efectores de la familia hopz, efectores que presentan notable parecido de secuencia con proteasas de sumo y est\u00e1n presentes en diversos patevares de la bacteria fitopat\u00f3gena pseudomonas syr\u00edngae. Para dicha b\u00fasqueda aplicamos el sistema del doble h\u00edbrido en levaduras para escrutar una genoteca de la planta modelo nicotiana benthamiana, utilizando los efectores hopzip\u00c2\u00bf, hopz1psy, hopz2 y hopz3 como cebo. Las primeras rondas de escrutinio, todav\u00eda no saturantes, nos han permitido identificar una serie de posibles dianas comunes a todos los efectores analizados, entre las que se encuentra la ubiquitina, sumo, as\u00ed como una prote\u00edna (eli3) implicada en la respuesta de la planta a infecci\u00f3n por pseudomonas syr\u00edngae, y cuya expresi\u00f3n se induce como respuesta a tratamiento con \u00e1cido salicilico.<\/p>\n<p>&nbsp;<\/p>\n<h3>Datos acad\u00e9micos de la tesis doctoral \u00ab<strong>Proteasas de sumo en la interacci\u00f3n planta-pat\u00f3geno<\/strong>\u00ab<\/h3>\n<ul>\n<li><strong>T\u00edtulo de la tesis:<\/strong>\u00a0 Proteasas de sumo en la interacci\u00f3n planta-pat\u00f3geno <\/li>\n<li><strong>Autor:<\/strong>\u00a0 Carlos Martin Guevara <\/li>\n<li><strong>Universidad:<\/strong>\u00a0 M\u00e1laga<\/li>\n<li><strong>Fecha de lectura de la tesis:<\/strong>\u00a0 19\/03\/2010<\/li>\n<\/ul>\n<p>&nbsp;<\/p>\n<h3>Direcci\u00f3n y tribunal<\/h3>\n<ul>\n<li><strong>Director de la tesis<\/strong>\n<ul>\n<li>Francisco Javier Ru\u00edz Albert<\/li>\n<\/ul>\n<\/li>\n<li><strong>Tribunal<\/strong>\n<ul>\n<li>Presidente del tribunal: rafael Lozano ruiz <\/li>\n<li>herlander anselmo Pereira azevedo (vocal)<\/li>\n<li>pablo Tornero feliciano (vocal)<\/li>\n<li>Jos\u00e9 Carlos Reyes rosa (vocal)<\/li>\n<\/ul>\n<\/li>\n<\/ul>\n<p>&nbsp;<\/p>\n","protected":false},"excerpt":{"rendered":"<p>Tesis doctoral de Carlos Martin Guevara T\u00edtulo de la tesis: proteasas de sumo en la interacci\u00f3n planta-pat\u00f3geno resumen: la sume-ilaci\u00f3n [&hellip;]<\/p>\n","protected":false},"author":1,"featured_media":0,"comment_status":"open","ping_status":"open","sticky":false,"template":"","format":"standard","meta":{"site-sidebar-layout":"default","site-content-layout":"","ast-site-content-layout":"","site-content-style":"default","site-sidebar-style":"default","ast-global-header-display":"","ast-banner-title-visibility":"","ast-main-header-display":"","ast-hfb-above-header-display":"","ast-hfb-below-header-display":"","ast-hfb-mobile-header-display":"","site-post-title":"","ast-breadcrumbs-content":"","ast-featured-img":"","footer-sml-layout":"","theme-transparent-header-meta":"","adv-header-id-meta":"","stick-header-meta":"","header-above-stick-meta":"","header-main-stick-meta":"","header-below-stick-meta":"","astra-migrate-meta-layouts":"default","ast-page-background-enabled":"default","ast-page-background-meta":{"desktop":{"background-color":"var(--ast-global-color-4)","background-image":"","background-repeat":"repeat","background-position":"center center","background-size":"auto","background-attachment":"scroll","background-type":"","background-media":"","overlay-type":"","overlay-color":"","overlay-gradient":""},"tablet":{"background-color":"","background-image":"","background-repeat":"repeat","background-position":"center center","background-size":"auto","background-attachment":"scroll","background-type":"","background-media":"","overlay-type":"","overlay-color":"","overlay-gradient":""},"mobile":{"background-color":"","background-image":"","background-repeat":"repeat","background-position":"center center","background-size":"auto","background-attachment":"scroll","background-type":"","background-media":"","overlay-type":"","overlay-color":"","overlay-gradient":""}},"ast-content-background-meta":{"desktop":{"background-color":"var(--ast-global-color-5)","background-image":"","background-repeat":"repeat","background-position":"center center","background-size":"auto","background-attachment":"scroll","background-type":"","background-media":"","overlay-type":"","overlay-color":"","overlay-gradient":""},"tablet":{"background-color":"var(--ast-global-color-5)","background-image":"","background-repeat":"repeat","background-position":"center center","background-size":"auto","background-attachment":"scroll","background-type":"","background-media":"","overlay-type":"","overlay-color":"","overlay-gradient":""},"mobile":{"background-color":"var(--ast-global-color-5)","background-image":"","background-repeat":"repeat","background-position":"center center","background-size":"auto","background-attachment":"scroll","background-type":"","background-media":"","overlay-type":"","overlay-color":"","overlay-gradient":""}},"footnotes":""},"categories":[36606,4578,7834],"tags":[203610,203611,203612,26730,203613,9228],"class_list":["post-99852","post","type-post","status-publish","format-standard","hentry","category-biologia-molecular-de-microorganismos","category-ingenieria-genetica","category-malaga","tag-carlos-martin-guevara","tag-francisco-javier-ruiz-albert","tag-herlander-anselmo-pereira-azevedo","tag-jose-carlos-reyes-rosa","tag-pablo-tornero-feliciano","tag-rafael-lozano-ruiz"],"_links":{"self":[{"href":"https:\/\/www.deberes.net\/tesis\/wp-json\/wp\/v2\/posts\/99852","targetHints":{"allow":["GET"]}}],"collection":[{"href":"https:\/\/www.deberes.net\/tesis\/wp-json\/wp\/v2\/posts"}],"about":[{"href":"https:\/\/www.deberes.net\/tesis\/wp-json\/wp\/v2\/types\/post"}],"author":[{"embeddable":true,"href":"https:\/\/www.deberes.net\/tesis\/wp-json\/wp\/v2\/users\/1"}],"replies":[{"embeddable":true,"href":"https:\/\/www.deberes.net\/tesis\/wp-json\/wp\/v2\/comments?post=99852"}],"version-history":[{"count":0,"href":"https:\/\/www.deberes.net\/tesis\/wp-json\/wp\/v2\/posts\/99852\/revisions"}],"wp:attachment":[{"href":"https:\/\/www.deberes.net\/tesis\/wp-json\/wp\/v2\/media?parent=99852"}],"wp:term":[{"taxonomy":"category","embeddable":true,"href":"https:\/\/www.deberes.net\/tesis\/wp-json\/wp\/v2\/categories?post=99852"},{"taxonomy":"post_tag","embeddable":true,"href":"https:\/\/www.deberes.net\/tesis\/wp-json\/wp\/v2\/tags?post=99852"}],"curies":[{"name":"wp","href":"https:\/\/api.w.org\/{rel}","templated":true}]}}