{"id":99912,"date":"2018-03-11T10:21:11","date_gmt":"2018-03-11T10:21:11","guid":{"rendered":"https:\/\/www.deberes.net\/tesis\/sin-categoria\/la-imagen-literaria-de-para%c2%ads-desde-mercier-baudelaire-y-el-surrealismo-hasta-rayuela-de-julio-cortazar\/"},"modified":"2018-03-11T10:21:11","modified_gmt":"2018-03-11T10:21:11","slug":"la-imagen-literaria-de-para%c2%ads-desde-mercier-baudelaire-y-el-surrealismo-hasta-rayuela-de-julio-cortazar","status":"publish","type":"post","link":"https:\/\/www.deberes.net\/tesis\/lengua-y-literatura\/la-imagen-literaria-de-para%c2%ads-desde-mercier-baudelaire-y-el-surrealismo-hasta-rayuela-de-julio-cortazar\/","title":{"rendered":"La imagen literaria de par\u00eds. desde mercier, baudelaire y el surrealismo hasta \u00abrayuela\u00bb de julio cort\u00e1zar"},"content":{"rendered":"<h2>Tesis doctoral de <strong> Camilo Hoyos G\u00f3mez <\/strong><\/h2>\n<p>El prop\u00f3sito de nuestra investigaci\u00f3n es analizar la imagen del par\u00eds surrealista para luego ver su posterior recepci\u00f3n y variaci\u00f3n por parte de julio cort\u00e1zar en \u00abrayuela\u00bb. Los criterios anal\u00edticos de nuestra investigaci\u00f3n constan en la importancia de la promenade y la visi\u00f3n en la construcci\u00f3n de la imagen de la ciudad a manera de espacio interior. Para comprender los or\u00edgenes e inserci\u00f3n en la tradici\u00f3n por parte de los surrealistas, fue necesario establecer los or\u00edgenes de las po\u00e9ticas urbanas de la ciudad de par\u00eds a finales del siglo xviii, comprender el auge de par\u00eds como tema literario a mediados del siglo xix, analizar la importancia de la tradici\u00f3n noct\u00e1mbula y la incidencia de baudelaire en el par\u00eds moderno para situar a los surrealistas en su manera de comprender la ciudad como un espacio ps\u00edquico e interior. Por \u00faltimo, comprenderemos los distintos elementos surrealistas de la construcci\u00f3n de par\u00eds en \u00abrayuela\u00bb de cort\u00e1zar gracias a los textos escritos durante su per\u00edodo de inter\u00e9s surrealista (1947-1949) y su posterior variaci\u00f3n en rayuela.<\/p>\n<p>&nbsp;<\/p>\n<h3>Datos acad\u00e9micos de la tesis doctoral \u00ab<strong>La imagen literaria de par\u00eds. desde mercier, baudelaire y el surrealismo hasta \u00abrayuela\u00bb de julio cort\u00e1zar<\/strong>\u00ab<\/h3>\n<ul>\n<li><strong>T\u00edtulo de la tesis:<\/strong>\u00a0 La imagen literaria de par\u00eds. desde mercier, baudelaire y el surrealismo hasta \u00abrayuela\u00bb de julio cort\u00e1zar <\/li>\n<li><strong>Autor:<\/strong>\u00a0 Camilo Hoyos G\u00f3mez <\/li>\n<li><strong>Universidad:<\/strong>\u00a0 Pompeu fabra<\/li>\n<li><strong>Fecha de lectura de la tesis:<\/strong>\u00a0 23\/03\/2010<\/li>\n<\/ul>\n<p>&nbsp;<\/p>\n<h3>Direcci\u00f3n y tribunal<\/h3>\n<ul>\n<li><strong>Director de la tesis<\/strong>\n<ul>\n<li>Victoria Cirlot Valenzuela<\/li>\n<\/ul>\n<\/li>\n<li><strong>Tribunal<\/strong>\n<ul>\n<li>Presidente del tribunal: rafael Argullol murgadas <\/li>\n<li>\u00e1lex Matas pons (vocal)<\/li>\n<li>carles Alvarez garriga (vocal)<\/li>\n<li>nora Elena Catelli quiroga (vocal)<\/li>\n<\/ul>\n<\/li>\n<\/ul>\n<p>&nbsp;<\/p>\n","protected":false},"excerpt":{"rendered":"<p>Tesis doctoral de Camilo Hoyos G\u00f3mez El prop\u00f3sito de nuestra investigaci\u00f3n es analizar la imagen del par\u00eds surrealista para luego [&hellip;]<\/p>\n","protected":false},"author":1,"featured_media":0,"comment_status":"open","ping_status":"open","sticky":false,"template":"","format":"standard","meta":{"site-sidebar-layout":"default","site-content-layout":"","ast-site-content-layout":"","site-content-style":"default","site-sidebar-style":"default","ast-global-header-display":"","ast-banner-title-visibility":"","ast-main-header-display":"","ast-hfb-above-header-display":"","ast-hfb-below-header-display":"","ast-hfb-mobile-header-display":"","site-post-title":"","ast-breadcrumbs-content":"","ast-featured-img":"","footer-sml-layout":"","theme-transparent-header-meta":"","adv-header-id-meta":"","stick-header-meta":"","header-above-stick-meta":"","header-main-stick-meta":"","header-below-stick-meta":"","astra-migrate-meta-layouts":"default","ast-page-background-enabled":"default","ast-page-background-meta":{"desktop":{"background-color":"var(--ast-global-color-4)","background-image":"","background-repeat":"repeat","background-position":"center center","background-size":"auto","background-attachment":"scroll","background-type":"","background-media":"","overlay-type":"","overlay-color":"","overlay-gradient":""},"tablet":{"background-color":"","background-image":"","background-repeat":"repeat","background-position":"center center","background-size":"auto","background-attachment":"scroll","background-type":"","background-media":"","overlay-type":"","overlay-color":"","overlay-gradient":""},"mobile":{"background-color":"","background-image":"","background-repeat":"repeat","background-position":"center center","background-size":"auto","background-attachment":"scroll","background-type":"","background-media":"","overlay-type":"","overlay-color":"","overlay-gradient":""}},"ast-content-background-meta":{"desktop":{"background-color":"var(--ast-global-color-5)","background-image":"","background-repeat":"repeat","background-position":"center center","background-size":"auto","background-attachment":"scroll","background-type":"","background-media":"","overlay-type":"","overlay-color":"","overlay-gradient":""},"tablet":{"background-color":"var(--ast-global-color-5)","background-image":"","background-repeat":"repeat","background-position":"center center","background-size":"auto","background-attachment":"scroll","background-type":"","background-media":"","overlay-type":"","overlay-color":"","overlay-gradient":""},"mobile":{"background-color":"var(--ast-global-color-5)","background-image":"","background-repeat":"repeat","background-position":"center center","background-size":"auto","background-attachment":"scroll","background-type":"","background-media":"","overlay-type":"","overlay-color":"","overlay-gradient":""}},"footnotes":""},"categories":[636,18712],"tags":[190263,203716,153410,33715,15861,43232],"class_list":["post-99912","post","type-post","status-publish","format-standard","hentry","category-lengua-y-literatura","category-pompeu-fabra","tag-alex-matas-pons","tag-camilo-hoyos-gomez","tag-carles-alvarez-garriga","tag-nora-elena-catelli-quiroga","tag-rafael-argullol-murgadas","tag-victoria-cirlot-valenzuela"],"_links":{"self":[{"href":"https:\/\/www.deberes.net\/tesis\/wp-json\/wp\/v2\/posts\/99912","targetHints":{"allow":["GET"]}}],"collection":[{"href":"https:\/\/www.deberes.net\/tesis\/wp-json\/wp\/v2\/posts"}],"about":[{"href":"https:\/\/www.deberes.net\/tesis\/wp-json\/wp\/v2\/types\/post"}],"author":[{"embeddable":true,"href":"https:\/\/www.deberes.net\/tesis\/wp-json\/wp\/v2\/users\/1"}],"replies":[{"embeddable":true,"href":"https:\/\/www.deberes.net\/tesis\/wp-json\/wp\/v2\/comments?post=99912"}],"version-history":[{"count":0,"href":"https:\/\/www.deberes.net\/tesis\/wp-json\/wp\/v2\/posts\/99912\/revisions"}],"wp:attachment":[{"href":"https:\/\/www.deberes.net\/tesis\/wp-json\/wp\/v2\/media?parent=99912"}],"wp:term":[{"taxonomy":"category","embeddable":true,"href":"https:\/\/www.deberes.net\/tesis\/wp-json\/wp\/v2\/categories?post=99912"},{"taxonomy":"post_tag","embeddable":true,"href":"https:\/\/www.deberes.net\/tesis\/wp-json\/wp\/v2\/tags?post=99912"}],"curies":[{"name":"wp","href":"https:\/\/api.w.org\/{rel}","templated":true}]}}