{"id":99918,"date":"2018-03-11T10:21:11","date_gmt":"2018-03-11T10:21:11","guid":{"rendered":"https:\/\/www.deberes.net\/tesis\/sin-categoria\/modelo-de-creencias-de-salud-y-obesidad-un-estudio-de-los-adolescentes-de-la-provincia-de-guadalajara\/"},"modified":"2018-03-11T10:21:11","modified_gmt":"2018-03-11T10:21:11","slug":"modelo-de-creencias-de-salud-y-obesidad-un-estudio-de-los-adolescentes-de-la-provincia-de-guadalajara","status":"publish","type":"post","link":"https:\/\/www.deberes.net\/tesis\/pediatria\/modelo-de-creencias-de-salud-y-obesidad-un-estudio-de-los-adolescentes-de-la-provincia-de-guadalajara\/","title":{"rendered":"Modelo de creencias de salud y obesidad. un estudio de los adolescentes de la provincia de guadalajara"},"content":{"rendered":"<h2>Tesis doctoral de <strong> Helena Hern\u00e1ndez Mart\u00ednez <\/strong><\/h2>\n<p>La obesidad es un trastorno cr\u00f3nico, complejo y multifactorial. Aunque los factores gen\u00e9ticos pueden predisponer a la obesidad infantil (azcona, romero, bastero y santamar\u00eda, 2005), son las variables del estilo de vida, alimentaci\u00f3n y sedentarismo, las que m\u00e1s influyen como responsables de la obesidad (moreno, gonz\u00e1lez-gross, kersting et al., 2008).   los problemas ocasionados por la obesidad son f\u00edsicos, entre ellos mantener la obesidad en la vida adulta y la presencia de los factores de riesgo cardiovascular (tojo y leis, 2004; seedo, 2007), y psicosociales como aislamiento social, p\u00e9rdida de autoestima y estigmatizaci\u00f3n social (s\u00e1nchez y gabald\u00f3n, 2003).  el objetivo de la presente investigaci\u00f3n consiste en avanzar en el estudio del modelo de creencias de salud (mcs) y su relaci\u00f3n con la obesidad. Las variables a estudiar son las dimensiones del modelo: severidad y vulnerabilidad percibida, probabilidad de acci\u00f3n preventiva o curativa y las conductas o variables del estilo de vida relacionadas con la obesidad durante la adolescencia, de los 12 a los 16 a\u00f1os. En funci\u00f3n de las variables demogr\u00e1ficas g\u00e9nero, edad, tama\u00f1o de la poblaci\u00f3n del lugar de residencia y valores del \u00edndice de masa corporal (imc).  los instrumentos utilizados son: cuestionario sobre conceptos y problemas relacionados con la obesidad, inventario de conductas de salud en escolares (1985\/86): a who cross-national survey hbsc-; wold, 1995), inventario de trastornos de salud de la conducta alimentaria (garner, 1998), escala de creencias sobre las personas obesas (allison, basile y yuker, 1991; friedman et al., 2005) y el imc de los adolescentes. se selecciona una muestra aleatoria estratificada y proporcional de 915 adolescentes representativa del universo de los alumnos de 12 a 16 a\u00f1os de guadalajara matriculados en la educaci\u00f3n secundaria obligatoria. Nivel de confianza del 95,5% y error de +\/- 3.   como conclusiones indicar que los adolescentes desconocen qu\u00e9 es la obesidad y sus consecuencias (pr\u00e1cticamente un 50%); conceptualizan la obesidad como un problema est\u00e9tico (71,1%), especialmente las chicas. Un 81% de los adolescentes cree que los obesos comen m\u00e1s que los no obesos y un 55% cree en la falta de control de la persona para dejar de comer como la causa de la obesidad.  los adolescentes comen a diario pocas verduras y hortalizas (9%) y frutas (36%), y en exceso dulces y golosinas (20,55%), refrescos (18,69%), embutidos (16,07%). El consumo de legumbres es el adecuado. Los chicos desayunan y meriendan con mayor frecuencia. Las chicas en sus men\u00fas introducen m\u00e1s alimentos saludables. Los adolescentes pasan m\u00e1s horas diarias viendo la tv y jugando con el ordenador, videoconsola o similares que haciendo ejercicio.  la preValencia de sobrepeso y obesidad es de un 27,87%, siendo mayor la incidencia en los chicos y por edad a los 12 a\u00f1os. Por el valor de imc no se haya diferencias en los conocimientos sobre la severidad de la obesidad, las creencias sobre su etiolog\u00eda y los comportamientos del estilo de vida; las diferencias halladas son la autopercepci\u00f3n negativa de la imagen corporal, la obsesi\u00f3n por la delgadez y la mayor vulnerabilidad percibida en los adolescentes con obesidad.<\/p>\n<p>&nbsp;<\/p>\n<h3>Datos acad\u00e9micos de la tesis doctoral \u00ab<strong>Modelo de creencias de salud y obesidad. un estudio de los adolescentes de la provincia de guadalajara<\/strong>\u00ab<\/h3>\n<ul>\n<li><strong>T\u00edtulo de la tesis:<\/strong>\u00a0 Modelo de creencias de salud y obesidad. un estudio de los adolescentes de la provincia de guadalajara <\/li>\n<li><strong>Autor:<\/strong>\u00a0 Helena Hern\u00e1ndez Mart\u00ednez <\/li>\n<li><strong>Universidad:<\/strong>\u00a0 Alcal\u00e1<\/li>\n<li><strong>Fecha de lectura de la tesis:<\/strong>\u00a0 23\/03\/2010<\/li>\n<\/ul>\n<p>&nbsp;<\/p>\n<h3>Direcci\u00f3n y tribunal<\/h3>\n<ul>\n<li><strong>Director de la tesis<\/strong>\n<ul>\n<li>Gema Mart\u00edn Seoane<\/li>\n<\/ul>\n<\/li>\n<li><strong>Tribunal<\/strong>\n<ul>\n<li>Presidente del tribunal: \u00e1ngel Jes\u00fas L\u00e1zaro mart\u00ednez <\/li>\n<li>rosa Pulido valero (vocal)<\/li>\n<li>M\u00aa angeles Municio mart\u00edn (vocal)<\/li>\n<li>carmen isabel Gomez garcia (vocal)<\/li>\n<\/ul>\n<\/li>\n<\/ul>\n<p>&nbsp;<\/p>\n","protected":false},"excerpt":{"rendered":"<p>Tesis doctoral de Helena Hern\u00e1ndez Mart\u00ednez La obesidad es un trastorno cr\u00f3nico, complejo y multifactorial. Aunque los factores gen\u00e9ticos pueden [&hellip;]<\/p>\n","protected":false},"author":1,"featured_media":0,"comment_status":"open","ping_status":"open","sticky":false,"template":"","format":"standard","meta":{"site-sidebar-layout":"default","site-content-layout":"","ast-site-content-layout":"","site-content-style":"default","site-sidebar-style":"default","ast-global-header-display":"","ast-banner-title-visibility":"","ast-main-header-display":"","ast-hfb-above-header-display":"","ast-hfb-below-header-display":"","ast-hfb-mobile-header-display":"","site-post-title":"","ast-breadcrumbs-content":"","ast-featured-img":"","footer-sml-layout":"","theme-transparent-header-meta":"","adv-header-id-meta":"","stick-header-meta":"","header-above-stick-meta":"","header-main-stick-meta":"","header-below-stick-meta":"","astra-migrate-meta-layouts":"default","ast-page-background-enabled":"default","ast-page-background-meta":{"desktop":{"background-color":"var(--ast-global-color-4)","background-image":"","background-repeat":"repeat","background-position":"center center","background-size":"auto","background-attachment":"scroll","background-type":"","background-media":"","overlay-type":"","overlay-color":"","overlay-gradient":""},"tablet":{"background-color":"","background-image":"","background-repeat":"repeat","background-position":"center center","background-size":"auto","background-attachment":"scroll","background-type":"","background-media":"","overlay-type":"","overlay-color":"","overlay-gradient":""},"mobile":{"background-color":"","background-image":"","background-repeat":"repeat","background-position":"center center","background-size":"auto","background-attachment":"scroll","background-type":"","background-media":"","overlay-type":"","overlay-color":"","overlay-gradient":""}},"ast-content-background-meta":{"desktop":{"background-color":"var(--ast-global-color-5)","background-image":"","background-repeat":"repeat","background-position":"center center","background-size":"auto","background-attachment":"scroll","background-type":"","background-media":"","overlay-type":"","overlay-color":"","overlay-gradient":""},"tablet":{"background-color":"var(--ast-global-color-5)","background-image":"","background-repeat":"repeat","background-position":"center center","background-size":"auto","background-attachment":"scroll","background-type":"","background-media":"","overlay-type":"","overlay-color":"","overlay-gradient":""},"mobile":{"background-color":"var(--ast-global-color-5)","background-image":"","background-repeat":"repeat","background-position":"center center","background-size":"auto","background-attachment":"scroll","background-type":"","background-media":"","overlay-type":"","overlay-color":"","overlay-gradient":""}},"footnotes":""},"categories":[17426,33865,2931,26117,161],"tags":[5560,136934,77695,203726,95591,125792],"class_list":["post-99918","post","type-post","status-publish","format-standard","hentry","category-alcala","category-enfermedad","category-enfermedades-de-la-nutricion","category-habitos-alimentarios-antropologicos","category-pediatria","tag-angel-jesus-lazaro-Martinez","tag-carmen-isabel-gomez-garcia","tag-gema-martin-seoane","tag-helena-hernandez-Martinez","tag-ma-angeles-municio-martin","tag-rosa-pulido-valero"],"_links":{"self":[{"href":"https:\/\/www.deberes.net\/tesis\/wp-json\/wp\/v2\/posts\/99918","targetHints":{"allow":["GET"]}}],"collection":[{"href":"https:\/\/www.deberes.net\/tesis\/wp-json\/wp\/v2\/posts"}],"about":[{"href":"https:\/\/www.deberes.net\/tesis\/wp-json\/wp\/v2\/types\/post"}],"author":[{"embeddable":true,"href":"https:\/\/www.deberes.net\/tesis\/wp-json\/wp\/v2\/users\/1"}],"replies":[{"embeddable":true,"href":"https:\/\/www.deberes.net\/tesis\/wp-json\/wp\/v2\/comments?post=99918"}],"version-history":[{"count":0,"href":"https:\/\/www.deberes.net\/tesis\/wp-json\/wp\/v2\/posts\/99918\/revisions"}],"wp:attachment":[{"href":"https:\/\/www.deberes.net\/tesis\/wp-json\/wp\/v2\/media?parent=99918"}],"wp:term":[{"taxonomy":"category","embeddable":true,"href":"https:\/\/www.deberes.net\/tesis\/wp-json\/wp\/v2\/categories?post=99918"},{"taxonomy":"post_tag","embeddable":true,"href":"https:\/\/www.deberes.net\/tesis\/wp-json\/wp\/v2\/tags?post=99918"}],"curies":[{"name":"wp","href":"https:\/\/api.w.org\/{rel}","templated":true}]}}