{"id":99941,"date":"2018-03-11T10:21:11","date_gmt":"2018-03-11T10:21:11","guid":{"rendered":"https:\/\/www.deberes.net\/tesis\/sin-categoria\/estudio-de-las-parta%c2%adculas-alergenicas-de-plantago-sp-y-de-los-mecanismos-relacionados-con-su-presencia-en-la-atmosfera\/"},"modified":"2018-03-11T10:21:11","modified_gmt":"2018-03-11T10:21:11","slug":"estudio-de-las-parta%c2%adculas-alergenicas-de-plantago-sp-y-de-los-mecanismos-relacionados-con-su-presencia-en-la-atmosfera","status":"publish","type":"post","link":"https:\/\/www.deberes.net\/tesis\/botanica\/estudio-de-las-parta%c2%adculas-alergenicas-de-plantago-sp-y-de-los-mecanismos-relacionados-con-su-presencia-en-la-atmosfera\/","title":{"rendered":"Estudio de las part\u00edculas alerg\u00e9nicas de plantago sp. y de los mecanismos relacionados con su presencia en la atm\u00f3sfera"},"content":{"rendered":"<h2>Tesis doctoral de <strong> Zulima Gonz\u00e1lez Parrado <\/strong><\/h2>\n<p>El polen est\u00e1 presente en la atm\u00f3sfera debido a la actividad sexual de las plantas, ya que es el elemento reproductor masculino portador de la informaci\u00f3n gen\u00e9tica del progenitor. Entre los componentes celulares del grano de polen existen  prote\u00ednas que pueden provocar reacciones al\u00e9rgicas en las personas sensibles. El n\u00famero de personas aquejadas de enfermedades al\u00e9rgicas respiratorias ha experimentado un notable aumento en las \u00faltimas d\u00e9cadas y as\u00ed ha sido constatado en le\u00f3n por la mayor\u00eda de m\u00e9dicos especialistas. el polen de plantago sp. (Llant\u00e9n) se considera como uno de los principales responsables de polinosis en las regiones templadas, especialmente en europa, ya que la planta est\u00e1 muy ligada a los ambientes antr\u00f3picos.  debido a todo esto, en esta memoria doctoral nos propusimos analizar en profundidad este tipo de polen desde varias perspectivas: estudiar las distintas fenofases florales de plantago lanceolata, conocer la producci\u00f3n pol\u00ednica, analizar las concentraciones de polen de plantago y del al\u00e9rgeno pla l 1 en la atm\u00f3sfera de la ciudad de le\u00f3n, estudiar la ultraestructura del grano de polen, y por \u00faltimo localizar la prote\u00edna alerg\u00e9nica pla l 1 dentro de dicho polen. los resultados obtenidos del an\u00e1lisis fenol\u00f3gico muestran que existen diferencias en las fenofases florales de plantago lanceolata, en funci\u00f3n del h\u00e1bitat y que se deben principalmente a las caracter\u00edsticas del terreno y a la disponibilidad h\u00eddrica del suelo en los a\u00f1os analizados. Sin embargo, las variaciones meteorol\u00f3gicas son las responsables de las diferencias fenol\u00f3gicas encontradas entre los a\u00f1os estudiados. en el an\u00e1lisis aerobiol\u00f3gico de la ciudad de le\u00f3n observamos que el polen de plantago aparece en el aire a finales de abril y su concentraci\u00f3n aumenta hasta mediados de mayo-junio, meses en los que se alcanza las m\u00e1ximas cantidades, para despu\u00e9s ir disminuyendo hasta el mes de septiembre.  hay varios a\u00f1os en los que se han visto dos periodos de m\u00e1ximas concentraciones, uno en mayo-junio y otro a finales de julio, esto se debe al aporte pol\u00ednico de dos especies diferentes del g\u00e9nero plantago, el primero corresponder\u00eda a plantago lanceolata y el segundo a plantago coronopus. Los a\u00f1os con las concentraciones m\u00e1s bajas de polen de plantago corresponden con a\u00f1os en los que las temperaturas medias fueron m\u00e1s altas o las precipitaciones durante los tres meses anteriores a la estaci\u00f3n pol\u00ednica fueron escasas. se realiz\u00f3 un an\u00e1lisis estad\u00edstico para conocer la influencia de los distintos par\u00e1metros clim\u00e1ticos en la concentraci\u00f3n de polen de plantago y del al\u00e9rgeno pla l 1 en la atm\u00f3sfera. Los resultados mostraron que los factores que m\u00e1s influyen de forma positiva en la concentraci\u00f3n del polen son las temperaturas, principalmente la temperatura m\u00e1xima, adem\u00e1s de la humedad absoluta, las horas de sol y la evaporaci\u00f3n. Sin embargo, se obtuvieron valores de correlaci\u00f3n negativos con la humedad relativa y con la precipitaci\u00f3n. En cuanto al al\u00e9rgeno pla l 1 existe mayor relaci\u00f3n entre la concentraci\u00f3n del mismo y la cantidad de polen total que con la concentraci\u00f3n de polen  plantago, esto puede ser debido a que la secuencia de amino\u00e1cidos de la prote\u00edna pla l 1 sea  similar a la de al\u00e9rgenos de otras plantas, como ole e 1. De esta forma se explicar\u00eda la presencia de s\u00edntomas al\u00e9rgicos en personas sensibles a plantago, cuando las concentraciones de este tipo pol\u00ednico en la atm\u00f3sfera son todav\u00eda bajas. Tambi\u00e9n se obtuvieron valores de correlaci\u00f3n positivos y significativos con la humedad relativa y con la precipitaci\u00f3n, parece ser que estos par\u00e1metros son los que m\u00e1s influyen en la liberaci\u00f3n de la prote\u00edna a la atm\u00f3sfera. la producci\u00f3n de polen de plantago lanceolata es alta, como corresponde a especies de polinizaci\u00f3n anem\u00f3fila, las diferencias encontradas en cuanto a la producci\u00f3n pol\u00ednica entre las plantas analizadas de diferentes h\u00e1bitats se deben fundamentalmente a la acci\u00f3n antr\u00f3pica y a las condiciones del suelo.  Para comprobar  si se pod\u00edan agrupar los distintos h\u00e1bitats estudiados en funci\u00f3n de la producci\u00f3n pol\u00ednica de las plantas de esta especie que all\u00ed se desarrollaban se aplic\u00f3 un an\u00e1lisis de componentes principales (acp).  el porcentaje de viabilidad de los granos de polen de plantago lanceolata fue alto independientemente del medio en el que se desarrollan las plantas. durante el proceso de activaci\u00f3n de los granos de polen de plantago lanceolata se producen una serie de modificaciones a nivel ultraestructural. Una de ellas es el engrosamiento de la intina, as\u00ed como el incremento en el n\u00famero de amiloplastos, dictiosomas y ribosomas. Adem\u00e1s, se observan cambios en las mitocondrias, ya que pasan de un estado inactivo a un estado activo. Asimismo se produce un aumento en el n\u00famero de  dictisomas con las cisternas dispuestas de forma conc\u00e9ntrica y un aumento en la producci\u00f3n de ves\u00edculas dictiosomales. Estas modificaciones son consecuencia de los  cambios metab\u00f3licos que sufren los granos de polen para formar el tubo pol\u00ednico. en el estudio inmunocitoqu\u00edmico durante la activaci\u00f3n del polen se observa un aumento en la cantidad del al\u00e9rgeno pla l 1 en los granos de polen activados, lo cual podr\u00eda indicar que esta prote\u00edna interviene en los procesos de reconocimiento polen-estigma. Este al\u00e9rgeno est\u00e1 presente tanto en la c\u00e9lula vegetativa como en las c\u00e9lulas esperm\u00e1ticas, por lo tanto ambos tipos de c\u00e9lulas estar\u00edan involucradas en los mecanismos de reconocimiento de polen-estigma.<\/p>\n<p>&nbsp;<\/p>\n<h3>Datos acad\u00e9micos de la tesis doctoral \u00ab<strong>Estudio de las part\u00edculas alerg\u00e9nicas de plantago sp. y de los mecanismos relacionados con su presencia en la atm\u00f3sfera<\/strong>\u00ab<\/h3>\n<ul>\n<li><strong>T\u00edtulo de la tesis:<\/strong>\u00a0 Estudio de las part\u00edculas alerg\u00e9nicas de plantago sp. y de los mecanismos relacionados con su presencia en la atm\u00f3sfera <\/li>\n<li><strong>Autor:<\/strong>\u00a0 Zulima Gonz\u00e1lez Parrado <\/li>\n<li><strong>Universidad:<\/strong>\u00a0 Le\u00f3n<\/li>\n<li><strong>Fecha de lectura de la tesis:<\/strong>\u00a0 24\/03\/2010<\/li>\n<\/ul>\n<p>&nbsp;<\/p>\n<h3>Direcci\u00f3n y tribunal<\/h3>\n<ul>\n<li><strong>Director de la tesis<\/strong>\n<ul>\n<li>Rosa Mar\u00eda Valencia Barrera<\/li>\n<\/ul>\n<\/li>\n<li><strong>Tribunal<\/strong>\n<ul>\n<li>Presidente del tribunal: m. isabel Rodriguez garcia <\/li>\n<li>Mar\u00eda del mar Trigo p\u00e9rez (vocal)<\/li>\n<li>paolo Mandrioli (vocal)<\/li>\n<li>Francisco Javier Rodriguez rajo (vocal)<\/li>\n<\/ul>\n<\/li>\n<\/ul>\n<p>&nbsp;<\/p>\n","protected":false},"excerpt":{"rendered":"<p>Tesis doctoral de Zulima Gonz\u00e1lez Parrado El polen est\u00e1 presente en la atm\u00f3sfera debido a la actividad sexual de las [&hellip;]<\/p>\n","protected":false},"author":1,"featured_media":0,"comment_status":"open","ping_status":"open","sticky":false,"template":"","format":"standard","meta":{"site-sidebar-layout":"default","site-content-layout":"","ast-site-content-layout":"","site-content-style":"default","site-sidebar-style":"default","ast-global-header-display":"","ast-banner-title-visibility":"","ast-main-header-display":"","ast-hfb-above-header-display":"","ast-hfb-below-header-display":"","ast-hfb-mobile-header-display":"","site-post-title":"","ast-breadcrumbs-content":"","ast-featured-img":"","footer-sml-layout":"","theme-transparent-header-meta":"","adv-header-id-meta":"","stick-header-meta":"","header-above-stick-meta":"","header-main-stick-meta":"","header-below-stick-meta":"","astra-migrate-meta-layouts":"default","ast-page-background-enabled":"default","ast-page-background-meta":{"desktop":{"background-color":"var(--ast-global-color-4)","background-image":"","background-repeat":"repeat","background-position":"center center","background-size":"auto","background-attachment":"scroll","background-type":"","background-media":"","overlay-type":"","overlay-color":"","overlay-gradient":""},"tablet":{"background-color":"","background-image":"","background-repeat":"repeat","background-position":"center center","background-size":"auto","background-attachment":"scroll","background-type":"","background-media":"","overlay-type":"","overlay-color":"","overlay-gradient":""},"mobile":{"background-color":"","background-image":"","background-repeat":"repeat","background-position":"center center","background-size":"auto","background-attachment":"scroll","background-type":"","background-media":"","overlay-type":"","overlay-color":"","overlay-gradient":""}},"ast-content-background-meta":{"desktop":{"background-color":"var(--ast-global-color-5)","background-image":"","background-repeat":"repeat","background-position":"center center","background-size":"auto","background-attachment":"scroll","background-type":"","background-media":"","overlay-type":"","overlay-color":"","overlay-gradient":""},"tablet":{"background-color":"var(--ast-global-color-5)","background-image":"","background-repeat":"repeat","background-position":"center center","background-size":"auto","background-attachment":"scroll","background-type":"","background-media":"","overlay-type":"","overlay-color":"","overlay-gradient":""},"mobile":{"background-color":"var(--ast-global-color-5)","background-image":"","background-repeat":"repeat","background-position":"center center","background-size":"auto","background-attachment":"scroll","background-type":"","background-media":"","overlay-type":"","overlay-color":"","overlay-gradient":""}},"footnotes":""},"categories":[972,4430],"tags":[165989,189268,7964,34742,121146,203757],"class_list":["post-99941","post","type-post","status-publish","format-standard","hentry","category-botanica","category-leon","tag-francisco-javier-rodriguez-rajo","tag-m-isabel-rodriguez-garcia","tag-maria-del-mar-trigo-perez","tag-paolo-mandrioli","tag-rosa-maria-valencia-barrera","tag-zulima-gonzalez-parrado"],"_links":{"self":[{"href":"https:\/\/www.deberes.net\/tesis\/wp-json\/wp\/v2\/posts\/99941","targetHints":{"allow":["GET"]}}],"collection":[{"href":"https:\/\/www.deberes.net\/tesis\/wp-json\/wp\/v2\/posts"}],"about":[{"href":"https:\/\/www.deberes.net\/tesis\/wp-json\/wp\/v2\/types\/post"}],"author":[{"embeddable":true,"href":"https:\/\/www.deberes.net\/tesis\/wp-json\/wp\/v2\/users\/1"}],"replies":[{"embeddable":true,"href":"https:\/\/www.deberes.net\/tesis\/wp-json\/wp\/v2\/comments?post=99941"}],"version-history":[{"count":0,"href":"https:\/\/www.deberes.net\/tesis\/wp-json\/wp\/v2\/posts\/99941\/revisions"}],"wp:attachment":[{"href":"https:\/\/www.deberes.net\/tesis\/wp-json\/wp\/v2\/media?parent=99941"}],"wp:term":[{"taxonomy":"category","embeddable":true,"href":"https:\/\/www.deberes.net\/tesis\/wp-json\/wp\/v2\/categories?post=99941"},{"taxonomy":"post_tag","embeddable":true,"href":"https:\/\/www.deberes.net\/tesis\/wp-json\/wp\/v2\/tags?post=99941"}],"curies":[{"name":"wp","href":"https:\/\/api.w.org\/{rel}","templated":true}]}}