{"id":99952,"date":"2018-03-11T10:21:16","date_gmt":"2018-03-11T10:21:16","guid":{"rendered":"https:\/\/www.deberes.net\/tesis\/sin-categoria\/la-educacion-para-la-salud-y-la-formacion-de-los-profesionales-propuesta-y-evaluacion-de-un-programa-de-formacion\/"},"modified":"2018-03-11T10:21:16","modified_gmt":"2018-03-11T10:21:16","slug":"la-educacion-para-la-salud-y-la-formacion-de-los-profesionales-propuesta-y-evaluacion-de-un-programa-de-formacion","status":"publish","type":"post","link":"https:\/\/www.deberes.net\/tesis\/formacion-profesional\/la-educacion-para-la-salud-y-la-formacion-de-los-profesionales-propuesta-y-evaluacion-de-un-programa-de-formacion\/","title":{"rendered":"La educaci\u00f3n para la salud y la formaci\u00f3n de los profesionales: propuesta y evaluaci\u00f3n de un programa de formaci\u00f3n."},"content":{"rendered":"<h2>Tesis doctoral de <strong> Inmaculada Serrano Monz\u00f3 <\/strong><\/h2>\n<p>Esta tesis indaga sobre el desempe\u00f1o de la educaci\u00f3n para la salud (eps) desarrollada por los profesionales de la salud y c\u00f3mo una formaci\u00f3n espec\u00edfica en esta \u00e1rea puede mejorar su pr\u00e1ctica profesional. la primera parte de la tesis tiene un car\u00e1cter descriptivo y profundiza en tres aspectos relevantes. El primero relacionado con las nuevas orientaciones conceptuales en torno a la promoci\u00f3n y la eps. El segundo referido a los profesionales de la salud como agentes que desempe\u00f1an su funci\u00f3n docente con los individuos, familias y comunidad y que consideran a la eps como una herramienta eficaz para el logro de mejores cotas de salud de la poblaci\u00f3n. Asimismo, se realiza una menci\u00f3n especial al profesional de la enfermer\u00eda como agente singular en eps y se analizan las principales dificultades a las que se enfrenta este profesional en su pr\u00e1ctica relacionada con la promoci\u00f3n y la eps. el tercer aspecto emana de este an\u00e1lisis. En \u00e9l se verifica la importancia de poder contar con una formaci\u00f3n espec\u00edfica que capacite a los profesionales para la docencia, y se plantean unas orientaciones curriculares que gu\u00eden, de forma general, el proceso formativo, se dise\u00f1a un programa que a\u00fane las orientaciones presentadas y se implementa en un grupo de universitarios de estudios sanitarios.   la segunda parte de esta tesis recoge la evaluaci\u00f3n del programa dise\u00f1ado, utilizando un enfoque metodol\u00f3gico mixto. Se ha escogido esta orientaci\u00f3n porque proporciona una coherencia entre objetivos y evaluaci\u00f3n, permite conocer los logros alcanzados por el programa y explicar los resultados m\u00e1s significativos. El objetivo de esta evaluaci\u00f3n es comprobar la eficacia y val\u00eda del programa y proponer acciones de mejora que puedan implementarse en ediciones posteriores y en programas similares.<\/p>\n<p>&nbsp;<\/p>\n<h3>Datos acad\u00e9micos de la tesis doctoral \u00ab<strong>La educaci\u00f3n para la salud y la formaci\u00f3n de los profesionales: propuesta y evaluaci\u00f3n de un programa de formaci\u00f3n.<\/strong>\u00ab<\/h3>\n<ul>\n<li><strong>T\u00edtulo de la tesis:<\/strong>\u00a0 La educaci\u00f3n para la salud y la formaci\u00f3n de los profesionales: propuesta y evaluaci\u00f3n de un programa de formaci\u00f3n. <\/li>\n<li><strong>Autor:<\/strong>\u00a0 Inmaculada Serrano Monz\u00f3 <\/li>\n<li><strong>Universidad:<\/strong>\u00a0 Navarra<\/li>\n<li><strong>Fecha de lectura de la tesis:<\/strong>\u00a0 25\/03\/2010<\/li>\n<\/ul>\n<p>&nbsp;<\/p>\n<h3>Direcci\u00f3n y tribunal<\/h3>\n<ul>\n<li><strong>Director de la tesis<\/strong>\n<ul>\n<li>Angel Mar\u00eda Sobrino Morras<\/li>\n<\/ul>\n<\/li>\n<li><strong>Tribunal<\/strong>\n<ul>\n<li>Presidente del tribunal: Francisco Guillen grima <\/li>\n<li>araceli del Pozo armentia (vocal)<\/li>\n<li>blanca Mar\u00edn fernandez (vocal)<\/li>\n<li>Mar\u00eda Jos\u00e9 Duaso ans\u00f3 (vocal)<\/li>\n<\/ul>\n<\/li>\n<\/ul>\n<p>&nbsp;<\/p>\n","protected":false},"excerpt":{"rendered":"<p>Tesis doctoral de Inmaculada Serrano Monz\u00f3 Esta tesis indaga sobre el desempe\u00f1o de la educaci\u00f3n para la salud (eps) desarrollada [&hellip;]<\/p>\n","protected":false},"author":1,"featured_media":0,"comment_status":"open","ping_status":"open","sticky":false,"template":"","format":"standard","meta":{"site-sidebar-layout":"default","site-content-layout":"","ast-site-content-layout":"","site-content-style":"default","site-sidebar-style":"default","ast-global-header-display":"","ast-banner-title-visibility":"","ast-main-header-display":"","ast-hfb-above-header-display":"","ast-hfb-below-header-display":"","ast-hfb-mobile-header-display":"","site-post-title":"","ast-breadcrumbs-content":"","ast-featured-img":"","footer-sml-layout":"","theme-transparent-header-meta":"","adv-header-id-meta":"","stick-header-meta":"","header-above-stick-meta":"","header-main-stick-meta":"","header-below-stick-meta":"","astra-migrate-meta-layouts":"default","ast-page-background-enabled":"default","ast-page-background-meta":{"desktop":{"background-color":"var(--ast-global-color-4)","background-image":"","background-repeat":"repeat","background-position":"center center","background-size":"auto","background-attachment":"scroll","background-type":"","background-media":"","overlay-type":"","overlay-color":"","overlay-gradient":""},"tablet":{"background-color":"","background-image":"","background-repeat":"repeat","background-position":"center center","background-size":"auto","background-attachment":"scroll","background-type":"","background-media":"","overlay-type":"","overlay-color":"","overlay-gradient":""},"mobile":{"background-color":"","background-image":"","background-repeat":"repeat","background-position":"center center","background-size":"auto","background-attachment":"scroll","background-type":"","background-media":"","overlay-type":"","overlay-color":"","overlay-gradient":""}},"ast-content-background-meta":{"desktop":{"background-color":"var(--ast-global-color-5)","background-image":"","background-repeat":"repeat","background-position":"center center","background-size":"auto","background-attachment":"scroll","background-type":"","background-media":"","overlay-type":"","overlay-color":"","overlay-gradient":""},"tablet":{"background-color":"var(--ast-global-color-5)","background-image":"","background-repeat":"repeat","background-position":"center center","background-size":"auto","background-attachment":"scroll","background-type":"","background-media":"","overlay-type":"","overlay-color":"","overlay-gradient":""},"mobile":{"background-color":"var(--ast-global-color-5)","background-image":"","background-repeat":"repeat","background-position":"center center","background-size":"auto","background-attachment":"scroll","background-type":"","background-media":"","overlay-type":"","overlay-color":"","overlay-gradient":""}},"footnotes":""},"categories":[13042,6020,1183,17749],"tags":[32339,203774,78604,8237,203773,203775],"class_list":["post-99952","post","type-post","status-publish","format-standard","hentry","category-educacion-de-adultos","category-evaluacion-de-alumnos","category-formacion-profesional","category-navarra","tag-angel-maria-sobrino-morras","tag-araceli-del-pozo-armentia","tag-blanca-marin-fernandez","tag-francisco-guillen-grima","tag-inmaculada-serrano-monzo","tag-maria-jose-duaso-anso"],"_links":{"self":[{"href":"https:\/\/www.deberes.net\/tesis\/wp-json\/wp\/v2\/posts\/99952","targetHints":{"allow":["GET"]}}],"collection":[{"href":"https:\/\/www.deberes.net\/tesis\/wp-json\/wp\/v2\/posts"}],"about":[{"href":"https:\/\/www.deberes.net\/tesis\/wp-json\/wp\/v2\/types\/post"}],"author":[{"embeddable":true,"href":"https:\/\/www.deberes.net\/tesis\/wp-json\/wp\/v2\/users\/1"}],"replies":[{"embeddable":true,"href":"https:\/\/www.deberes.net\/tesis\/wp-json\/wp\/v2\/comments?post=99952"}],"version-history":[{"count":0,"href":"https:\/\/www.deberes.net\/tesis\/wp-json\/wp\/v2\/posts\/99952\/revisions"}],"wp:attachment":[{"href":"https:\/\/www.deberes.net\/tesis\/wp-json\/wp\/v2\/media?parent=99952"}],"wp:term":[{"taxonomy":"category","embeddable":true,"href":"https:\/\/www.deberes.net\/tesis\/wp-json\/wp\/v2\/categories?post=99952"},{"taxonomy":"post_tag","embeddable":true,"href":"https:\/\/www.deberes.net\/tesis\/wp-json\/wp\/v2\/tags?post=99952"}],"curies":[{"name":"wp","href":"https:\/\/api.w.org\/{rel}","templated":true}]}}