{"id":99983,"date":"2018-03-11T10:21:16","date_gmt":"2018-03-11T10:21:16","guid":{"rendered":"https:\/\/www.deberes.net\/tesis\/sin-categoria\/la-hoja-interior-de-la-fachada-ventilada-analisis-taxonomia-y-prospeciva\/"},"modified":"2018-03-11T10:21:16","modified_gmt":"2018-03-11T10:21:16","slug":"la-hoja-interior-de-la-fachada-ventilada-analisis-taxonomia-y-prospeciva","status":"publish","type":"post","link":"https:\/\/www.deberes.net\/tesis\/tecnologia-de-la-construccion\/la-hoja-interior-de-la-fachada-ventilada-analisis-taxonomia-y-prospeciva\/","title":{"rendered":"La hoja interior de la fachada ventilada. analisis, taxonomia y prospeciva"},"content":{"rendered":"<h2>Tesis doctoral de <strong> Cristina Pardal March <\/strong><\/h2>\n<p>La fachada ventilada es aquel cerramiento caracterizado por resolver la estanquidad al agua por medio  de una  c\u00e1mara drenante continua en todo su plano. Para la definici\u00f3n de dicha c\u00e1mara se precisan dos hojas que la  limiten: la exterior, normalmente de juntas abiertas, y la interior.  en la fachada ventilada convencional conviven dos sistemas constructivos muy distintos. As\u00ed como la hoja exterior y  sus mecanismos de fijaci\u00f3n han experimentado un gran desarrollo en estos \u00faltimos a\u00f1os que los ha llevado a un  alto nivel de tecnificaci\u00f3n acompa\u00f1ada del montaje  en seco confiado a especialistas; la hoja interior  sigue, en  general, atada a la tradici\u00f3n.  esta convivencia no supondr\u00eda ning\u00fan problema si permitiera concebir la fachada como un conjunto. Las pocas  garant\u00edas, principalmente de estabilidad y planeidad, que da la hoja interior no permiten confiar en ella como  soporte. La hoja exterior se dise\u00f1a de manera aut\u00f3noma, fij\u00e1ndose \u00fanicamente a los cantos de los forjados en  muchos casos e incorporando m\u00e1s o menos complejos mecanismos para regular la planimetr\u00eda.    la hoja exterior no conf\u00eda para su dise\u00f1o en las bondades que una hoja interior correctamente planteada podr\u00eda  aportar.  actualmente est\u00e1n proliferando algunos ejemplos de  racionalizaci\u00f3n de la hoja interior, desde el tabique seco de  montaje in situ hasta los paneles y las chapas, pero a\u00fan as\u00ed son pocos los que consiguen una lectura conjunta del  sistema de fachada.   este trabajo se centra en el desarrollo de un panel para la hoja interior de la fachada ventilada. El  panel ser\u00e1  prefabricado y deber\u00e1 dar una respuesta rigurosa a las funciones y requerimientos exigidos.   se parte de la hip\u00f3tesis de que el dise\u00f1o  del panel depende de las distintas posibilidades de agrupaci\u00f3n de las  funciones b\u00e1sicas de la hoja interior sobre este elemento. Estas funciones son las indispensables para dotar al  espacio habitable del adecuado nivel de confort t\u00e9rmico, ac\u00fastico y de estanqueidad al aire. Se suman la protecci\u00f3n  frente a la propagaci\u00f3n del fuego y dar soporte al conjunto de la fachada frente a la acci\u00f3n del viento y al peso  propio. Las funciones que no satisfaga el panel las deber\u00e1n resolver capas a\u00f1adidas al sistema de fachada.  la funci\u00f3n que define al panel es la portante frente acciones horizontales y peso propio. Es la funci\u00f3n que siempre  deber\u00e1 satisfacer. Las posibilidades de agrupaci\u00f3n del resto de funciones determinan los seis tipos funcionales que  ordenan las propuestas de panel.  esta taxonom\u00eda funcional permite tener claramente definidos los requerimientos que satisface cada panel,  propiedades f\u00edsicas a priori inconciliables. Por medio del laminado, nervado, grecado, etc. Es decir,  la  heterogenizaci\u00f3n del panel, se pueden modificar varias de sus caracter\u00edsticas.  este an\u00e1lisis te\u00f3rico deriva en la b\u00fasqueda del material, o la combinaci\u00f3n de materiales, m\u00e1s adecuada para  resolver las diversas morfolog\u00edas asignadas a los distintos tipos  funcionales. Surgen quince propuestas de panel.  todas ellas se basan en productos de mercado que, o bien ya tienen, o podr\u00edan llegar a tener, una aplicaci\u00f3n como  hoja interior de fachada ventilada.  la valoraci\u00f3n de las soluciones de panel se realiza en base al dise\u00f1o de fachada ventilada que permiten realizar, es  decir contemplando todos los elementos a\u00f1adidos que se deban disponer para completar el sistema. Los criterios  de valoraci\u00f3n los establecen los vectores de evoluci\u00f3n en el sector.  estos vectores son tanto socioecon\u00f3micos como metodol\u00f3gicos. Los primeros los dictan exigencias sociales y  econ\u00f3micas externas al sector (crisis de responsabilidades, exigencia del cliente de que el producto se adecue a sus  necesidades, optimizaci\u00f3n de los recursos disponibles); mientras que los segundos, dan respuesta a los primeros, a  partir de los criterios de dise\u00f1o y producci\u00f3n actuales. Los vectores de evoluci\u00f3n inciden de forma distinta en los  diversos escenarios.   se plantean dos escenarios: el innovador y el conservador. Si uno estimula a la industria planteando necesidades a  las que \u00e9sta debe dar respuesta, el otro va a remolque de ella.  la importancia de cada uno de los par\u00e1metros que se desprenden de los vectores de evoluci\u00f3n es distinta en cada  escenario. Por otra parte, no todos estos par\u00e1metros establecen criterios valorativos que permitan destacar una  soluci\u00f3n frente a las otras (para algunos de ellos se dan valores similares en las distintas soluciones de fachada que  surgen de la aplicaci\u00f3n de las propuestas de panel).  a los criterios que se desprenden de los vectores de evoluci\u00f3n se deben sumar los que derivan de la satisfacci\u00f3n de  las funciones de servicio (no contempladas en la taxonom\u00eda), as\u00ed como los par\u00e1metros relacionados con la  viabilidad de cada soluci\u00f3n.  analizadas las soluciones de fachada, y por lo tanto de panel, desde la \u00f3ptica de los citados criterios, se distinguen  tres grupos que se caracterizan por la mayor o menor multifuncionalidad y la optimizaci\u00f3n del dise\u00f1o.    dentro de cada uno de estos grupos se destacan las propuestas morfol\u00f3gicas m\u00e1s adecuadas para la resoluci\u00f3n del  panel.    en definitiva, las propuestas de panel m\u00e1s adecuadas para la hoja interior de la fachada ventilada son cinco,  distribuidas entre los distintos tipos funcionales. Tienden a ser homog\u00e9neas y de geometr\u00eda plana salvo para los dos  tipos funcionales extremos: cuando la funci\u00f3n t\u00e9rmica est\u00e1 incluida entre las que resuelve el panel; y en el caso en  que \u00e9ste no precisa un grueso continuo. Para el primero se recurre al s\u00e1ndwich mientras que para el segundo al  nervado.   prospectiva  como ya se ha dicho, los escenarios son diversos y no evolucionan de la misma manera ni a la misma velocidad. En  este sentido se entiende que las cinco soluciones de panel destacadas son \u00f3ptimas en cuanto que dan respuesta a  escenarios distintos.  paralelamente a ellas se est\u00e1n abriendo paso elementos capaces de dar respuesta a muchas funciones a partir de la  adecuada combinaci\u00f3n en un \u00fanico componente complejo a medida de diversos materiales especializados. Este  panel de fachada es siempre multifuncional ya que no se contempla a\u00f1adir sucesivas capas en obra. Su dise\u00f1o es  optimizado y por lo tanto se basa en materiales especializados.  facilitando el conocimiento del comportamiento global de la fachada que integran. Es la definici\u00f3n que falta en la  forma emp\u00edrica actual de construir la hoja interior de la fachada ventilada.  la satisfacci\u00f3n de cada funci\u00f3n est\u00e1 directamente relacionada con las propiedades f\u00edsicas del material al que se le  encomienda. Combinar funciones implica combinar propiedades f\u00edsicas concretas. No todas se pueden dar, con los  valores que requieren las condiciones de confort, en un \u00fanico material.  las diversas morfolog\u00edas que se pueden dar en un panel son la herramienta que permite llegar a conciliar<\/p>\n<p>&nbsp;<\/p>\n<h3>Datos acad\u00e9micos de la tesis doctoral \u00ab<strong>La hoja interior de la fachada ventilada. analisis, taxonomia y prospeciva<\/strong>\u00ab<\/h3>\n<ul>\n<li><strong>T\u00edtulo de la tesis:<\/strong>\u00a0 La hoja interior de la fachada ventilada. analisis, taxonomia y prospeciva <\/li>\n<li><strong>Autor:<\/strong>\u00a0 Cristina Pardal March <\/li>\n<li><strong>Universidad:<\/strong>\u00a0 Polit\u00e9cnica de catalunya<\/li>\n<li><strong>Fecha de lectura de la tesis:<\/strong>\u00a0 25\/03\/2010<\/li>\n<\/ul>\n<p>&nbsp;<\/p>\n<h3>Direcci\u00f3n y tribunal<\/h3>\n<ul>\n<li><strong>Director de la tesis<\/strong>\n<ul>\n<li>Ignacio Paricio Ansuategui<\/li>\n<\/ul>\n<\/li>\n<li><strong>Tribunal<\/strong>\n<ul>\n<li>Presidente del tribunal: Juan Monjo carrio <\/li>\n<li>Luis alfonso Basterra otero (vocal)<\/li>\n<li>Fernando Juan Ramos galino (vocal)<\/li>\n<li>klaus Block (vocal)<\/li>\n<\/ul>\n<\/li>\n<\/ul>\n<p>&nbsp;<\/p>\n","protected":false},"excerpt":{"rendered":"<p>Tesis doctoral de Cristina Pardal March La fachada ventilada es aquel cerramiento caracterizado por resolver la estanquidad al agua por [&hellip;]<\/p>\n","protected":false},"author":1,"featured_media":0,"comment_status":"open","ping_status":"open","sticky":false,"template":"","format":"standard","meta":{"site-sidebar-layout":"default","site-content-layout":"","ast-site-content-layout":"","site-content-style":"default","site-sidebar-style":"default","ast-global-header-display":"","ast-banner-title-visibility":"","ast-main-header-display":"","ast-hfb-above-header-display":"","ast-hfb-below-header-display":"","ast-hfb-mobile-header-display":"","site-post-title":"","ast-breadcrumbs-content":"","ast-featured-img":"","footer-sml-layout":"","theme-transparent-header-meta":"","adv-header-id-meta":"","stick-header-meta":"","header-above-stick-meta":"","header-main-stick-meta":"","header-below-stick-meta":"","astra-migrate-meta-layouts":"default","ast-page-background-enabled":"default","ast-page-background-meta":{"desktop":{"background-color":"var(--ast-global-color-4)","background-image":"","background-repeat":"repeat","background-position":"center center","background-size":"auto","background-attachment":"scroll","background-type":"","background-media":"","overlay-type":"","overlay-color":"","overlay-gradient":""},"tablet":{"background-color":"","background-image":"","background-repeat":"repeat","background-position":"center center","background-size":"auto","background-attachment":"scroll","background-type":"","background-media":"","overlay-type":"","overlay-color":"","overlay-gradient":""},"mobile":{"background-color":"","background-image":"","background-repeat":"repeat","background-position":"center center","background-size":"auto","background-attachment":"scroll","background-type":"","background-media":"","overlay-type":"","overlay-color":"","overlay-gradient":""}},"ast-content-background-meta":{"desktop":{"background-color":"var(--ast-global-color-5)","background-image":"","background-repeat":"repeat","background-position":"center center","background-size":"auto","background-attachment":"scroll","background-type":"","background-media":"","overlay-type":"","overlay-color":"","overlay-gradient":""},"tablet":{"background-color":"var(--ast-global-color-5)","background-image":"","background-repeat":"repeat","background-position":"center center","background-size":"auto","background-attachment":"scroll","background-type":"","background-media":"","overlay-type":"","overlay-color":"","overlay-gradient":""},"mobile":{"background-color":"var(--ast-global-color-5)","background-image":"","background-repeat":"repeat","background-position":"center center","background-size":"auto","background-attachment":"scroll","background-type":"","background-media":"","overlay-type":"","overlay-color":"","overlay-gradient":""}},"footnotes":""},"categories":[31009,15823,15596,4306,31336],"tags":[203827,15672,15683,16467,203829,203828],"class_list":["post-99983","post","type-post","status-publish","format-standard","hentry","category-construcciones-ligeras","category-construcciones-prefabricadas","category-politecnica-de-catalunya","category-tecnologia-de-la-construccion","category-topografia-de-la-edificacion","tag-cristina-pardal-march","tag-fernando-juan-ramos-galino","tag-ignacio-paricio-ansuategui","tag-juan-monjo-carrio","tag-klaus-block","tag-luis-alfonso-basterra-otero"],"_links":{"self":[{"href":"https:\/\/www.deberes.net\/tesis\/wp-json\/wp\/v2\/posts\/99983","targetHints":{"allow":["GET"]}}],"collection":[{"href":"https:\/\/www.deberes.net\/tesis\/wp-json\/wp\/v2\/posts"}],"about":[{"href":"https:\/\/www.deberes.net\/tesis\/wp-json\/wp\/v2\/types\/post"}],"author":[{"embeddable":true,"href":"https:\/\/www.deberes.net\/tesis\/wp-json\/wp\/v2\/users\/1"}],"replies":[{"embeddable":true,"href":"https:\/\/www.deberes.net\/tesis\/wp-json\/wp\/v2\/comments?post=99983"}],"version-history":[{"count":0,"href":"https:\/\/www.deberes.net\/tesis\/wp-json\/wp\/v2\/posts\/99983\/revisions"}],"wp:attachment":[{"href":"https:\/\/www.deberes.net\/tesis\/wp-json\/wp\/v2\/media?parent=99983"}],"wp:term":[{"taxonomy":"category","embeddable":true,"href":"https:\/\/www.deberes.net\/tesis\/wp-json\/wp\/v2\/categories?post=99983"},{"taxonomy":"post_tag","embeddable":true,"href":"https:\/\/www.deberes.net\/tesis\/wp-json\/wp\/v2\/tags?post=99983"}],"curies":[{"name":"wp","href":"https:\/\/api.w.org\/{rel}","templated":true}]}}