{"id":99990,"date":"2018-03-11T10:21:16","date_gmt":"2018-03-11T10:21:16","guid":{"rendered":"https:\/\/www.deberes.net\/tesis\/sin-categoria\/el-programa-de-medidas-agroambientales-en-la-provincia-de-huelva\/"},"modified":"2018-03-11T10:21:16","modified_gmt":"2018-03-11T10:21:16","slug":"el-programa-de-medidas-agroambientales-en-la-provincia-de-huelva","status":"publish","type":"post","link":"https:\/\/www.deberes.net\/tesis\/derecho-constitucional\/el-programa-de-medidas-agroambientales-en-la-provincia-de-huelva\/","title":{"rendered":"El programa de medidas agroambientales en la provincia de huelva"},"content":{"rendered":"<h2>Tesis doctoral de <strong> Sebastian Prieto  Rodriguez <\/strong><\/h2>\n<p>El programa de medidas agroambientales supone una oportunidad para la agricultura espa\u00f1ola, en general, y para la onubense, en particular. Se plantea como hip\u00f3tesis la posibilidad de una conversi\u00f3n casi total de la practicada en la actualidad, convencional, a unos m\u00e9todos respetuosos con el medio ambiente, que son los apoyados financieramente por el programa. \u00e9ste se desarroll\u00f3, con cofinanciaci\u00f3n de la uni\u00f3n europea, del estado y de las comunidades aut\u00f3nomas, durante el marco de apoyo comunitario 1994-1999, con una pr\u00f3rroga para el a\u00f1o 2000. paralelamente, se defienden otras argumentaciones relativas al desarrollo de esta pol\u00edtica p\u00fablica, as\u00ed como la implicaci\u00f3n de las administraciones en su implementaci\u00f3n. Se recoge la influencia que la comunidad europea ha tenido en todo el proceso de reconsideraci\u00f3n de los efectos de las actividades agrarias sobre el medio ambiente, fundamentalmente tras la introducci\u00f3n masiva de la qu\u00edmica con la llamada revoluci\u00f3n verde, y de c\u00f3mo la pertenencia de espa\u00f1a a la uni\u00f3n condiciona el desarrollo de pol\u00edticas. se estudian los dos informes de ray mcsharry, comisario de agricultura brit\u00e1nico, los cambios propuestos por delors, y la reforma fundamental de 1.992, donde se incluye el programa agroambiental como una de las medidas compensatorias de las rentas de los agricultores. se subraya la importancia del acta \u00fanica europea, momento en que esta pol\u00edtica adquiere carta de naturaleza, elevando la cuesti\u00f3n medioambiental a pol\u00edtica aut\u00f3noma y horizontal, y se desarrollan instrumentos financieros, como el fondo de cohesi\u00f3n, que influir\u00e1n especialmente en frenar el deterioro del medio ambiente. se estudia la funci\u00f3n de los agricultores como vital para mantener un tejido social activo y din\u00e1mico en el medio rural. Las pr\u00e1cticas que promociona el programa elevan la necesidad de mano de obra, y proporcionan a los agricultores una rentabilidad superior por sus producciones, al a\u00f1adirle valor por su mayor calidad. se investiga el desarrollo del programa en tres \u00e1mbitos territoriales. A nivel del estado, como encuadre normativo y punto de referencia. En el plano andaluz, con un enfoque m\u00e1s concreto, desmenuzando el diagn\u00f3stico de la situaci\u00f3n previa por subsectores y sistemas agrarios, incidiendo en los que tienen una especial representaci\u00f3n en el campo onubense. Se analizan las medidas horizontales y las de zona, y en \u00e9stas, tanto las plurirregionales como las regionales. Y en tercer lugar, huelva, efectuando una valoraci\u00f3n de la situaci\u00f3n agr\u00edcola y ambiental, teniendo en cuenta que no se trata de un territorio especialmente apto para la pr\u00e1ctica agr\u00edcola tradicional, donde destacan las explotaciones de dehesa de la sierra y los and\u00e9valos.  La   agricultura intensiva convencional se restringe al condado campi\u00f1a, con unos rendimientos pobres. Y si tienen mucha incidencia medioambiental las nuevas agriculturas, que encabezadas por el fres\u00f3n, se practican en las comarcas de la costa y el condado litoral, sobre todo. adem\u00e1s, se profundiza en la tramitaci\u00f3n de los expedientes en la delegaci\u00f3n provincial de agricultura y pesca, y en otros aspectos relacionados con la gesti\u00f3n de las ayudas, como la posibilidad de reintegros, las inspecciones de campo, el control posterior o la cadencia de los pagos. Se contrasta que el desarrollo del programa no ha sido el esperado, por la falta de difusi\u00f3n que ha tenido, y por la escasa financiaci\u00f3n asignada por las autoridades nacional y auton\u00f3mica. Asimismo, la implementacion normativa ha sido muy compleja, ralentizando en exceso el proceso, que ha provocado que la primera campa\u00f1a de aplicaci\u00f3n efectiva fuera la de 1.996. As\u00ed, se pas\u00f3 de un ejercicio, con solicitudes escasas, a dos, 1.997 y 1.998, en los cuales el problema fue la falta de presupuesto. se concluye sobre la implementacion de esta pol\u00edtica y sobre el cambio de concienciaci\u00f3n y actitudes que tienen los agricultores gracias a su desarrollo y la nueva estructura de oportunidades que se les ofrece. Adem\u00e1s, el \u00e9xito relativo del programa en la provincia de huelva es valorado, considerando sus condicionantes agr\u00edcolas, y se infiere un desarrollo positivo en los sucesivos per\u00edodos de programaci\u00f3n. Finalmente, en referencia a la sustituci\u00f3n de la agricultura convencional por una que respete el medio ambiente, se argumenta que es posible, en t\u00e9rminos generales, que una mayor\u00eda de agricultores la ejerza, a medio o largo plazo, siempre que se cuente con el apoyo de las administraciones p\u00fablicas y se salven los obst\u00e1culos que actualmente tiene planteados en cuanto a transformaci\u00f3n, comercializaci\u00f3n y distribuci\u00f3n.<\/p>\n<p>&nbsp;<\/p>\n<h3>Datos acad\u00e9micos de la tesis doctoral \u00ab<strong>El programa de medidas agroambientales en la provincia de huelva<\/strong>\u00ab<\/h3>\n<ul>\n<li><strong>T\u00edtulo de la tesis:<\/strong>\u00a0 El programa de medidas agroambientales en la provincia de huelva <\/li>\n<li><strong>Autor:<\/strong>\u00a0 Sebastian Prieto  Rodriguez <\/li>\n<li><strong>Universidad:<\/strong>\u00a0 Huelva<\/li>\n<li><strong>Fecha de lectura de la tesis:<\/strong>\u00a0 25\/03\/2010<\/li>\n<\/ul>\n<p>&nbsp;<\/p>\n<h3>Direcci\u00f3n y tribunal<\/h3>\n<ul>\n<li><strong>Director de la tesis<\/strong>\n<ul>\n<li>Manuel Jos\u00e9 Terol Becerra<\/li>\n<\/ul>\n<\/li>\n<li><strong>Tribunal<\/strong>\n<ul>\n<li>Presidente del tribunal: Jos\u00e9 Mar\u00eda Morales arroyo <\/li>\n<li>abraham Barbero ortega (vocal)<\/li>\n<li>Fernando \u00e1lvarez-ossorio micheo (vocal)<\/li>\n<li>Mar\u00eda Holgado gonzalez (vocal)<\/li>\n<\/ul>\n<\/li>\n<\/ul>\n<p>&nbsp;<\/p>\n","protected":false},"excerpt":{"rendered":"<p>Tesis doctoral de Sebastian Prieto Rodriguez El programa de medidas agroambientales supone una oportunidad para la agricultura espa\u00f1ola, en general, [&hellip;]<\/p>\n","protected":false},"author":1,"featured_media":0,"comment_status":"open","ping_status":"open","sticky":false,"template":"","format":"standard","meta":{"site-sidebar-layout":"default","site-content-layout":"","ast-site-content-layout":"","site-content-style":"default","site-sidebar-style":"default","ast-global-header-display":"","ast-banner-title-visibility":"","ast-main-header-display":"","ast-hfb-above-header-display":"","ast-hfb-below-header-display":"","ast-hfb-mobile-header-display":"","site-post-title":"","ast-breadcrumbs-content":"","ast-featured-img":"","footer-sml-layout":"","theme-transparent-header-meta":"","adv-header-id-meta":"","stick-header-meta":"","header-above-stick-meta":"","header-main-stick-meta":"","header-below-stick-meta":"","astra-migrate-meta-layouts":"default","ast-page-background-enabled":"default","ast-page-background-meta":{"desktop":{"background-color":"var(--ast-global-color-4)","background-image":"","background-repeat":"repeat","background-position":"center center","background-size":"auto","background-attachment":"scroll","background-type":"","background-media":"","overlay-type":"","overlay-color":"","overlay-gradient":""},"tablet":{"background-color":"","background-image":"","background-repeat":"repeat","background-position":"center center","background-size":"auto","background-attachment":"scroll","background-type":"","background-media":"","overlay-type":"","overlay-color":"","overlay-gradient":""},"mobile":{"background-color":"","background-image":"","background-repeat":"repeat","background-position":"center center","background-size":"auto","background-attachment":"scroll","background-type":"","background-media":"","overlay-type":"","overlay-color":"","overlay-gradient":""}},"ast-content-background-meta":{"desktop":{"background-color":"var(--ast-global-color-5)","background-image":"","background-repeat":"repeat","background-position":"center center","background-size":"auto","background-attachment":"scroll","background-type":"","background-media":"","overlay-type":"","overlay-color":"","overlay-gradient":""},"tablet":{"background-color":"var(--ast-global-color-5)","background-image":"","background-repeat":"repeat","background-position":"center center","background-size":"auto","background-attachment":"scroll","background-type":"","background-media":"","overlay-type":"","overlay-color":"","overlay-gradient":""},"mobile":{"background-color":"var(--ast-global-color-5)","background-image":"","background-repeat":"repeat","background-position":"center center","background-size":"auto","background-attachment":"scroll","background-type":"","background-media":"","overlay-type":"","overlay-color":"","overlay-gradient":""}},"footnotes":""},"categories":[1450,18975],"tags":[60989,43489,193302,193301,81059,203838],"class_list":["post-99990","post","type-post","status-publish","format-standard","hentry","category-derecho-constitucional","category-huelva","tag-abraham-barbero-ortega","tag-fernando-alvarez-ossorio-micheo","tag-jose-maria-morales-arroyo","tag-manuel-jose-terol-becerra","tag-maria-holgado-gonzalez","tag-sebastian-prieto-rodriguez"],"_links":{"self":[{"href":"https:\/\/www.deberes.net\/tesis\/wp-json\/wp\/v2\/posts\/99990","targetHints":{"allow":["GET"]}}],"collection":[{"href":"https:\/\/www.deberes.net\/tesis\/wp-json\/wp\/v2\/posts"}],"about":[{"href":"https:\/\/www.deberes.net\/tesis\/wp-json\/wp\/v2\/types\/post"}],"author":[{"embeddable":true,"href":"https:\/\/www.deberes.net\/tesis\/wp-json\/wp\/v2\/users\/1"}],"replies":[{"embeddable":true,"href":"https:\/\/www.deberes.net\/tesis\/wp-json\/wp\/v2\/comments?post=99990"}],"version-history":[{"count":0,"href":"https:\/\/www.deberes.net\/tesis\/wp-json\/wp\/v2\/posts\/99990\/revisions"}],"wp:attachment":[{"href":"https:\/\/www.deberes.net\/tesis\/wp-json\/wp\/v2\/media?parent=99990"}],"wp:term":[{"taxonomy":"category","embeddable":true,"href":"https:\/\/www.deberes.net\/tesis\/wp-json\/wp\/v2\/categories?post=99990"},{"taxonomy":"post_tag","embeddable":true,"href":"https:\/\/www.deberes.net\/tesis\/wp-json\/wp\/v2\/tags?post=99990"}],"curies":[{"name":"wp","href":"https:\/\/api.w.org\/{rel}","templated":true}]}}